{"id":58144,"date":"2025-07-18T09:51:42","date_gmt":"2025-07-18T12:51:42","guid":{"rendered":"https:\/\/elurbanoweb.com.ar\/diario\/?p=58144"},"modified":"2025-07-18T09:51:42","modified_gmt":"2025-07-18T12:51:42","slug":"ninos-bandenos-podran-disfrutar-del-show-de-los-keti-en-el-renzi","status":"publish","type":"post","link":"http:\/\/elurbanoweb.com.ar\/diario\/ninos-bandenos-podran-disfrutar-del-show-de-los-keti-en-el-renzi\/","title":{"rendered":"Ni\u00f1os bande\u00f1os podr\u00e1n disfrutar del show de \u201cLos Keti\u201d en el Renzi"},"content":{"rendered":"<p>En el marco del inicio del receso invernal escolar emblem\u00e1tico Cine Teatro Municipal Renzi, ser\u00e1 escenario de un espect\u00e1culo pensado especialmente para el p\u00fablico infantil con la presentaci\u00f3n de \u201cLos Keti\u201d quienes se presentar\u00e1n este s\u00e1bado 19 de julio a las 14.<\/p>\n<p><img loading=\"lazy\" decoding=\"async\" class=\"alignnone wp-image-58145 size-full\" src=\"http:\/\/elurbanoweb.com.ar\/diario\/wp-content\/uploads\/2025\/07\/keti.jpeg\" alt=\"\" width=\"1024\" height=\"852\" srcset=\"http:\/\/elurbanoweb.com.ar\/diario\/wp-content\/uploads\/2025\/07\/keti.jpeg 1024w, http:\/\/elurbanoweb.com.ar\/diario\/wp-content\/uploads\/2025\/07\/keti-300x250.jpeg 300w, http:\/\/elurbanoweb.com.ar\/diario\/wp-content\/uploads\/2025\/07\/keti-150x125.jpeg 150w\" sizes=\"auto, (max-width: 1024px) 100vw, 1024px\" \/><\/p>\n<p><!--more-->La Municipalidad de La Banda invita a las familias a vivir una tarde de m\u00fasica y diversi\u00f3n en el Cine Teatro Municipal Renzi para disfrutar del espect\u00e1culo denominado \u201cEn Vacaciones\u201d.<\/p>\n<p>El evento est\u00e1 dise\u00f1ado para que ni\u00f1as, ni\u00f1os y sus familias disfruten juntos de una experiencia musical inclusiva, din\u00e1mica y divertida, con canciones participativas, coreograf\u00edas y mucho color.<\/p>\n<p>Las entradas anticipadas tienen un valor $4.000, \u202flas entradas en puerta tienen un valor de $5000 y se pueden adquirir anticipadamente en la boleter\u00eda del cine en Av. Besares 152 o llamando al 385\u20114172307.<\/p>\n","protected":false},"excerpt":{"rendered":"<p>En el marco del inicio del receso invernal escolar emblem\u00e1tico Cine Teatro Municipal Renzi, ser\u00e1 escenario de un espect\u00e1culo pensado especialmente para el p\u00fablico infantil con la presentaci\u00f3n de \u201cLos&hellip; <\/p>\n","protected":false},"author":1,"featured_media":58145,"comment_status":"closed","ping_status":"closed","sticky":false,"template":"","format":"standard","meta":{"footnotes":""},"categories":[9],"tags":[],"class_list":["post-58144","post","type-post","status-publish","format-standard","has-post-thumbnail","hentry","category-la-banda"],"_links":{"self":[{"href":"http:\/\/elurbanoweb.com.ar\/diario\/wp-json\/wp\/v2\/posts\/58144","targetHints":{"allow":["GET"]}}],"collection":[{"href":"http:\/\/elurbanoweb.com.ar\/diario\/wp-json\/wp\/v2\/posts"}],"about":[{"href":"http:\/\/elurbanoweb.com.ar\/diario\/wp-json\/wp\/v2\/types\/post"}],"author":[{"embeddable":true,"href":"http:\/\/elurbanoweb.com.ar\/diario\/wp-json\/wp\/v2\/users\/1"}],"replies":[{"embeddable":true,"href":"http:\/\/elurbanoweb.com.ar\/diario\/wp-json\/wp\/v2\/comments?post=58144"}],"version-history":[{"count":1,"href":"http:\/\/elurbanoweb.com.ar\/diario\/wp-json\/wp\/v2\/posts\/58144\/revisions"}],"predecessor-version":[{"id":58146,"href":"http:\/\/elurbanoweb.com.ar\/diario\/wp-json\/wp\/v2\/posts\/58144\/revisions\/58146"}],"wp:featuredmedia":[{"embeddable":true,"href":"http:\/\/elurbanoweb.com.ar\/diario\/wp-json\/wp\/v2\/media\/58145"}],"wp:attachment":[{"href":"http:\/\/elurbanoweb.com.ar\/diario\/wp-json\/wp\/v2\/media?parent=58144"}],"wp:term":[{"taxonomy":"category","embeddable":true,"href":"http:\/\/elurbanoweb.com.ar\/diario\/wp-json\/wp\/v2\/categories?post=58144"},{"taxonomy":"post_tag","embeddable":true,"href":"http:\/\/elurbanoweb.com.ar\/diario\/wp-json\/wp\/v2\/tags?post=58144"}],"curies":[{"name":"wp","href":"https:\/\/api.w.org\/{rel}","templated":true}]}}