{"id":58147,"date":"2025-07-18T09:52:54","date_gmt":"2025-07-18T12:52:54","guid":{"rendered":"https:\/\/elurbanoweb.com.ar\/diario\/?p=58147"},"modified":"2025-07-18T09:52:54","modified_gmt":"2025-07-18T12:52:54","slug":"el-renzi-presenta-una-variada-cartelera-en-el-comienzo-de-las-vacaciones-de-invierno","status":"publish","type":"post","link":"http:\/\/elurbanoweb.com.ar\/diario\/el-renzi-presenta-una-variada-cartelera-en-el-comienzo-de-las-vacaciones-de-invierno\/","title":{"rendered":"El Renzi presenta una variada cartelera en el comienzo de las vacaciones de invierno"},"content":{"rendered":"<p>El Cine Teatro Renzi renueva su cartelera con largometrajes variados en el comienzo de las vacaciones de invierno que se proyectar\u00e1n desde el jueves 17 hasta el mi\u00e9rcoles 23 de julio.<\/p>\n<p><img loading=\"lazy\" decoding=\"async\" class=\"alignnone wp-image-58148 size-full\" src=\"http:\/\/elurbanoweb.com.ar\/diario\/wp-content\/uploads\/2025\/07\/cartelera1.jpeg\" alt=\"\" width=\"829\" height=\"1024\" srcset=\"http:\/\/elurbanoweb.com.ar\/diario\/wp-content\/uploads\/2025\/07\/cartelera1.jpeg 829w, http:\/\/elurbanoweb.com.ar\/diario\/wp-content\/uploads\/2025\/07\/cartelera1-243x300.jpeg 243w, http:\/\/elurbanoweb.com.ar\/diario\/wp-content\/uploads\/2025\/07\/cartelera1-121x150.jpeg 121w\" sizes=\"auto, (max-width: 829px) 100vw, 829px\" \/><\/p>\n<p><!--more-->En el horario de las 16:15, se proyectar\u00e1 \u201cEl novio de mam\u00e1\u201d, comedia nacional protagonizada por Jos\u00e9 Mar\u00eda Listorti y Dani \u201cLa Chepi\u201d, con la participaci\u00f3n especial de Jorgelina Aruzzi. La historia gira en torno a Leonardo, un optimista agente de viajes que se enamora de Luc\u00eda, una madre que busca rehacer su vida tras una separaci\u00f3n. Pero para poder formar parte de la familia, Leonardo deber\u00e1 superar el desaf\u00edo m\u00e1s grande: conquistar a sus hijos. Para lograrlo, se suma como ni\u00f1ero a un viaje familiar a la Patagonia donde nada sale como estaba planeado.<\/p>\n<p>En el marco del Espacio INCAA, en el horario de las 18:10, los m\u00e1s peque\u00f1os podr\u00e1n disfrutar de \u201cPitufos\u201d, pel\u00edcula animada estadounidense basada en la serie de c\u00f3mics del mismo nombre creada por el dibujante belga Peyo. Cuando los malvados magos Razamel y Gargamel secuestran misteriosamente a Pap\u00e1 Pitufo, Pitufina lidera a los Pitufos en una misi\u00f3n al mundo real para salvarlo. Con la ayuda de nuevos amigos, los Pitufos deben descubrir qu\u00e9 define su destino para salvar el universo.<br \/>\nEn el marco del Espacio INCAA, los d\u00edas 17 y 18 de julio, a las 20, se proyectar\u00e1 \u201cNo soy tu mami\u201d, una comedia rom\u00e1ntica argentina en la que Paula es directora de una revista para la mujer moderna: liberales, independientes y comprometidas. Las ventas tan bajas auguran un futuro bastante desolador y para salvar la publicaci\u00f3n, se ve forzada a escribir una columna especial sobre maternidad. No tan c\u00f3moda para hablar sobre ese aspecto, Paula decide expresar lo que siente al respecto. As\u00ed nace la columna \u201cRazones para no ser madre\u201d, donde se dedica a derribar todos los mitos sobre maternidad y que, de manera sorpresiva, se convierte en un suceso de ventas entre las madres y las no madres.<\/p>\n<p>En el mismo espacio, los d\u00edas 19, 21 y 23 de julio, a las 20, las familias podr\u00e1n ver la comedia en formato live action, \u201cPaddington en Per\u00fa\u201d, basada en la historia del oso Paddington, creado por Michael Bond. Paddington y la familia Brown viajan al Per\u00fa porque est\u00e1n preocupados por la t\u00eda Lucy. Cuando llegan, descubren que ha desaparecido y las pistas de su paradero los conducen hasta un lugar enigm\u00e1tico y legendario ubicado en la selva amaz\u00f3nica.<\/p>\n<p>La tercera y \u00faltima pel\u00edcula que se proyectar\u00e1 en el Espacio INCAA, ser\u00e1 \u201cGigantes: una aventura extraordinaria\u201d, los d\u00edas 20 y 22 de julio, a las 20, filme animado de aventuras que sigue a Alfonso, un ni\u00f1o muy decidido y con gran imaginaci\u00f3n, que ve una terrible amenaza en una serie de tormentas que azotan a su peque\u00f1o pueblo, obligando a sus habitantes al exilio. En el medio, un empresario intenta conseguir un r\u00e9dito econ\u00f3mico de la situaci\u00f3n, mediante un negocio inmobiliario, pero Alfonso, junto a sus amigos, Pancho y Victoria, har\u00e1n lo imposible para detenerlo. Alfonso es de La Mancha y desciende de Don Quijote, y como aquel personaje creado por Miguel de Cervantes, contin\u00faa peleando contra \u201caquellos molinos de viento\u201d con su imaginaci\u00f3n como principal arma.<\/p>\n<p>Por \u00faltimo, tras una primera semana de \u00e9xito a nivel global, seguir\u00e1 en cartelera \u201cSuperman\u201d del director James Gunn. El filme del superh\u00e9roe m\u00e1s ic\u00f3nico de DC Comics se proyectar\u00e1 en el horario de las 22. En esta ocasi\u00f3n, Superman debe reconciliar su herencia alien\u00edgena kriptoniana con su crianza humana como el reportero Clark Kent. Como personificaci\u00f3n de la verdad, la justicia y el ser humano, pronto se encuentra en un mundo que lo considera potencialmente peligroso.<\/p>\n","protected":false},"excerpt":{"rendered":"<p>El Cine Teatro Renzi renueva su cartelera con largometrajes variados en el comienzo de las vacaciones de invierno que se proyectar\u00e1n desde el jueves 17 hasta el mi\u00e9rcoles 23 de&hellip; <\/p>\n","protected":false},"author":1,"featured_media":58148,"comment_status":"closed","ping_status":"closed","sticky":false,"template":"","format":"standard","meta":{"footnotes":""},"categories":[9],"tags":[],"class_list":["post-58147","post","type-post","status-publish","format-standard","has-post-thumbnail","hentry","category-la-banda"],"_links":{"self":[{"href":"http:\/\/elurbanoweb.com.ar\/diario\/wp-json\/wp\/v2\/posts\/58147","targetHints":{"allow":["GET"]}}],"collection":[{"href":"http:\/\/elurbanoweb.com.ar\/diario\/wp-json\/wp\/v2\/posts"}],"about":[{"href":"http:\/\/elurbanoweb.com.ar\/diario\/wp-json\/wp\/v2\/types\/post"}],"author":[{"embeddable":true,"href":"http:\/\/elurbanoweb.com.ar\/diario\/wp-json\/wp\/v2\/users\/1"}],"replies":[{"embeddable":true,"href":"http:\/\/elurbanoweb.com.ar\/diario\/wp-json\/wp\/v2\/comments?post=58147"}],"version-history":[{"count":1,"href":"http:\/\/elurbanoweb.com.ar\/diario\/wp-json\/wp\/v2\/posts\/58147\/revisions"}],"predecessor-version":[{"id":58149,"href":"http:\/\/elurbanoweb.com.ar\/diario\/wp-json\/wp\/v2\/posts\/58147\/revisions\/58149"}],"wp:featuredmedia":[{"embeddable":true,"href":"http:\/\/elurbanoweb.com.ar\/diario\/wp-json\/wp\/v2\/media\/58148"}],"wp:attachment":[{"href":"http:\/\/elurbanoweb.com.ar\/diario\/wp-json\/wp\/v2\/media?parent=58147"}],"wp:term":[{"taxonomy":"category","embeddable":true,"href":"http:\/\/elurbanoweb.com.ar\/diario\/wp-json\/wp\/v2\/categories?post=58147"},{"taxonomy":"post_tag","embeddable":true,"href":"http:\/\/elurbanoweb.com.ar\/diario\/wp-json\/wp\/v2\/tags?post=58147"}],"curies":[{"name":"wp","href":"https:\/\/api.w.org\/{rel}","templated":true}]}}