{"id":58150,"date":"2025-07-18T09:55:18","date_gmt":"2025-07-18T12:55:18","guid":{"rendered":"https:\/\/elurbanoweb.com.ar\/diario\/?p=58150"},"modified":"2025-07-18T09:55:18","modified_gmt":"2025-07-18T12:55:18","slug":"la-casa-arganaraz-alcorta-de-la-municipalidad-inaugurara-una-muestra-pictorica-de-peteco-carabajal","status":"publish","type":"post","link":"http:\/\/elurbanoweb.com.ar\/diario\/la-casa-arganaraz-alcorta-de-la-municipalidad-inaugurara-una-muestra-pictorica-de-peteco-carabajal\/","title":{"rendered":"La Casa Arga\u00f1araz Alcorta de la Municipalidad inaugurar\u00e1 una muestra pict\u00f3rica de Peteco Carabajal"},"content":{"rendered":"<p>La Direcci\u00f3n de Cultura de la Capital invita a la comunidad a la inauguraci\u00f3n de \u00abCanciones al \u00d3leo\u00bb, la muestra pict\u00f3rica de Peteco Carabajal, que se realizar\u00e1 este viernes 18 a las 19:30 horas en la Casa Arga\u00f1araz Alcorta.<\/p>\n<p><img loading=\"lazy\" decoding=\"async\" class=\"alignnone wp-image-58151 size-full\" src=\"http:\/\/elurbanoweb.com.ar\/diario\/wp-content\/uploads\/2025\/07\/alcorta.jpg\" alt=\"\" width=\"1010\" height=\"567\" srcset=\"http:\/\/elurbanoweb.com.ar\/diario\/wp-content\/uploads\/2025\/07\/alcorta.jpg 1010w, http:\/\/elurbanoweb.com.ar\/diario\/wp-content\/uploads\/2025\/07\/alcorta-300x168.jpg 300w, http:\/\/elurbanoweb.com.ar\/diario\/wp-content\/uploads\/2025\/07\/alcorta-150x84.jpg 150w\" sizes=\"auto, (max-width: 1010px) 100vw, 1010px\" \/><\/p>\n<p><!--more--><\/p>\n<p>\u00abCanciones al \u00d3leo\u00bb es una traves\u00eda visual y emocional por el universo sensible de Peteco Carabajal, uno de los artistas m\u00e1s representativos de la cultura popular argentina.<\/p>\n<p>El organismo destac\u00f3 que \u201ccada obra es una canci\u00f3n silente, una letra pintada, una memoria traducida en colores y formas que reflejan su tierra, su historia y su emoci\u00f3n. Sus cuadros dialogan con sus versos y melod\u00edas, abriendo nuevos caminos para expresar lo profundo, lo ancestral, lo cotidiano\u00bb.<\/p>\n<p>Es la primera vez que esta obra pl\u00e1stica se expone en Santiago del Estero.<\/p>\n","protected":false},"excerpt":{"rendered":"<p>La Direcci\u00f3n de Cultura de la Capital invita a la comunidad a la inauguraci\u00f3n de \u00abCanciones al \u00d3leo\u00bb, la muestra pict\u00f3rica de Peteco Carabajal, que se realizar\u00e1 este viernes 18&hellip; <\/p>\n","protected":false},"author":1,"featured_media":58151,"comment_status":"closed","ping_status":"closed","sticky":false,"template":"","format":"standard","meta":{"footnotes":""},"categories":[3],"tags":[],"class_list":["post-58150","post","type-post","status-publish","format-standard","has-post-thumbnail","hentry","category-municipio"],"_links":{"self":[{"href":"http:\/\/elurbanoweb.com.ar\/diario\/wp-json\/wp\/v2\/posts\/58150","targetHints":{"allow":["GET"]}}],"collection":[{"href":"http:\/\/elurbanoweb.com.ar\/diario\/wp-json\/wp\/v2\/posts"}],"about":[{"href":"http:\/\/elurbanoweb.com.ar\/diario\/wp-json\/wp\/v2\/types\/post"}],"author":[{"embeddable":true,"href":"http:\/\/elurbanoweb.com.ar\/diario\/wp-json\/wp\/v2\/users\/1"}],"replies":[{"embeddable":true,"href":"http:\/\/elurbanoweb.com.ar\/diario\/wp-json\/wp\/v2\/comments?post=58150"}],"version-history":[{"count":1,"href":"http:\/\/elurbanoweb.com.ar\/diario\/wp-json\/wp\/v2\/posts\/58150\/revisions"}],"predecessor-version":[{"id":58152,"href":"http:\/\/elurbanoweb.com.ar\/diario\/wp-json\/wp\/v2\/posts\/58150\/revisions\/58152"}],"wp:featuredmedia":[{"embeddable":true,"href":"http:\/\/elurbanoweb.com.ar\/diario\/wp-json\/wp\/v2\/media\/58151"}],"wp:attachment":[{"href":"http:\/\/elurbanoweb.com.ar\/diario\/wp-json\/wp\/v2\/media?parent=58150"}],"wp:term":[{"taxonomy":"category","embeddable":true,"href":"http:\/\/elurbanoweb.com.ar\/diario\/wp-json\/wp\/v2\/categories?post=58150"},{"taxonomy":"post_tag","embeddable":true,"href":"http:\/\/elurbanoweb.com.ar\/diario\/wp-json\/wp\/v2\/tags?post=58150"}],"curies":[{"name":"wp","href":"https:\/\/api.w.org\/{rel}","templated":true}]}}