{"id":58153,"date":"2025-07-18T09:56:53","date_gmt":"2025-07-18T12:56:53","guid":{"rendered":"https:\/\/elurbanoweb.com.ar\/diario\/?p=58153"},"modified":"2025-07-18T09:56:53","modified_gmt":"2025-07-18T12:56:53","slug":"la-municipalidad-invita-al-torneo-3x3-del-basquet-nacional-en-el-mes-aniversario-de-la-ciudad","status":"publish","type":"post","link":"http:\/\/elurbanoweb.com.ar\/diario\/la-municipalidad-invita-al-torneo-3x3-del-basquet-nacional-en-el-mes-aniversario-de-la-ciudad\/","title":{"rendered":"La municipalidad invita al Torneo 3&#215;3 del b\u00e1squet nacional en el mes aniversario de la ciudad"},"content":{"rendered":"<p>Este evento se suma a las actividades programadas por la Municipalidad de la Capital por los 472 a\u00f1os de la \u201cMadre de Ciudades\u201d.<\/p>\n<p><img loading=\"lazy\" decoding=\"async\" class=\"alignnone wp-image-58154 size-full\" src=\"http:\/\/elurbanoweb.com.ar\/diario\/wp-content\/uploads\/2025\/07\/pelota.jpg\" alt=\"\" width=\"1010\" height=\"567\" srcset=\"http:\/\/elurbanoweb.com.ar\/diario\/wp-content\/uploads\/2025\/07\/pelota.jpg 1010w, http:\/\/elurbanoweb.com.ar\/diario\/wp-content\/uploads\/2025\/07\/pelota-300x168.jpg 300w, http:\/\/elurbanoweb.com.ar\/diario\/wp-content\/uploads\/2025\/07\/pelota-150x84.jpg 150w\" sizes=\"auto, (max-width: 1010px) 100vw, 1010px\" \/><\/p>\n<p><!--more--><\/p>\n<p>Este s\u00e1bado y domingo, la plaza Libertad ser\u00e1 sede de la segunda parada nacional del Torneo 3&#215;3 del b\u00e1squet nacional y se suma a las actividades programadas por la Municipalidad de la Capital por los 472 a\u00f1os de la \u201cMadre de Ciudades\u201d.<\/p>\n<p>La competencia dar\u00e1 comienzo a partir de las 15 hs, con la etapa de clasificaci\u00f3n y continuar\u00e1 el domingo 20 desde las 9 de la ma\u00f1ana con los cruces decisivos.<\/p>\n<p>En esta oportunidad, participar\u00e1n equipos de renombre como Obras Sanitarias, Boca Juniors y Ferrocarril Oeste en la rama masculina y Ferro, Obras y un tercer equipo a confirmar en la rama femenina.<\/p>\n<p>Tambi\u00e9n estar\u00e1n presentes, los equipos santiague\u00f1os inscriptos y seleccionados de la provincia.<\/p>\n<p>La categor\u00eda es libre, con participaci\u00f3n habilitada para jugadores y jugadoras registrados en Ges Deportivo, tanto en las categor\u00edas masculina como en la femenina.<\/p>\n","protected":false},"excerpt":{"rendered":"<p>Este evento se suma a las actividades programadas por la Municipalidad de la Capital por los 472 a\u00f1os de la \u201cMadre de Ciudades\u201d.<\/p>\n","protected":false},"author":1,"featured_media":58154,"comment_status":"closed","ping_status":"closed","sticky":false,"template":"","format":"standard","meta":{"footnotes":""},"categories":[3],"tags":[],"class_list":["post-58153","post","type-post","status-publish","format-standard","has-post-thumbnail","hentry","category-municipio"],"_links":{"self":[{"href":"http:\/\/elurbanoweb.com.ar\/diario\/wp-json\/wp\/v2\/posts\/58153","targetHints":{"allow":["GET"]}}],"collection":[{"href":"http:\/\/elurbanoweb.com.ar\/diario\/wp-json\/wp\/v2\/posts"}],"about":[{"href":"http:\/\/elurbanoweb.com.ar\/diario\/wp-json\/wp\/v2\/types\/post"}],"author":[{"embeddable":true,"href":"http:\/\/elurbanoweb.com.ar\/diario\/wp-json\/wp\/v2\/users\/1"}],"replies":[{"embeddable":true,"href":"http:\/\/elurbanoweb.com.ar\/diario\/wp-json\/wp\/v2\/comments?post=58153"}],"version-history":[{"count":1,"href":"http:\/\/elurbanoweb.com.ar\/diario\/wp-json\/wp\/v2\/posts\/58153\/revisions"}],"predecessor-version":[{"id":58155,"href":"http:\/\/elurbanoweb.com.ar\/diario\/wp-json\/wp\/v2\/posts\/58153\/revisions\/58155"}],"wp:featuredmedia":[{"embeddable":true,"href":"http:\/\/elurbanoweb.com.ar\/diario\/wp-json\/wp\/v2\/media\/58154"}],"wp:attachment":[{"href":"http:\/\/elurbanoweb.com.ar\/diario\/wp-json\/wp\/v2\/media?parent=58153"}],"wp:term":[{"taxonomy":"category","embeddable":true,"href":"http:\/\/elurbanoweb.com.ar\/diario\/wp-json\/wp\/v2\/categories?post=58153"},{"taxonomy":"post_tag","embeddable":true,"href":"http:\/\/elurbanoweb.com.ar\/diario\/wp-json\/wp\/v2\/tags?post=58153"}],"curies":[{"name":"wp","href":"https:\/\/api.w.org\/{rel}","templated":true}]}}