{"id":58156,"date":"2025-07-18T09:58:02","date_gmt":"2025-07-18T12:58:02","guid":{"rendered":"https:\/\/elurbanoweb.com.ar\/diario\/?p=58156"},"modified":"2025-07-18T09:58:02","modified_gmt":"2025-07-18T12:58:02","slug":"la-municipalidad-de-la-banda-realizo-un-nuevo-operativo-entorno-saludable","status":"publish","type":"post","link":"http:\/\/elurbanoweb.com.ar\/diario\/la-municipalidad-de-la-banda-realizo-un-nuevo-operativo-entorno-saludable\/","title":{"rendered":"La Municipalidad de La Banda realiz\u00f3 un nuevo operativo \u201cEntorno Saludable\u201d"},"content":{"rendered":"<p>La Secretar\u00eda de Servicios P\u00fablicos de la Municipalidad de La Banda, realiz\u00f3 una nueva jornada del operativo integral \u201cEntorno Saludable\u201d, en los barrios Tabla Redonda, Ampliaci\u00f3n Tabla Redonda y Villa Margarita, operativo impulsado desde la gesti\u00f3n del intendente Ing. Roger E. Nediani.<\/p>\n<p><img loading=\"lazy\" decoding=\"async\" class=\"alignnone wp-image-58157 size-large\" src=\"http:\/\/elurbanoweb.com.ar\/diario\/wp-content\/uploads\/2025\/07\/saludable-1024x680.jpeg\" alt=\"\" width=\"1024\" height=\"680\" srcset=\"http:\/\/elurbanoweb.com.ar\/diario\/wp-content\/uploads\/2025\/07\/saludable-1024x680.jpeg 1024w, http:\/\/elurbanoweb.com.ar\/diario\/wp-content\/uploads\/2025\/07\/saludable-300x199.jpeg 300w, http:\/\/elurbanoweb.com.ar\/diario\/wp-content\/uploads\/2025\/07\/saludable-150x100.jpeg 150w, http:\/\/elurbanoweb.com.ar\/diario\/wp-content\/uploads\/2025\/07\/saludable-1536x1020.jpeg 1536w, http:\/\/elurbanoweb.com.ar\/diario\/wp-content\/uploads\/2025\/07\/saludable.jpeg 1600w\" sizes=\"auto, (max-width: 1024px) 100vw, 1024px\" \/><\/p>\n<p><!--more-->Durante el mismo, se llevaron adelante tareas de descacharrado, desmalezamiento, poda, limpieza integral y fumigaci\u00f3n, en una acci\u00f3n articulada con las Secretar\u00edas de Coordinaci\u00f3n y Desarrollo Territorial, Salud, Servicios P\u00fablicos, con la colaboraci\u00f3n de la Direcci\u00f3n de la Juventud, que tuvo un rol clave en las instancias de concientizaci\u00f3n y sensibilizaci\u00f3n a los vecinos.<\/p>\n<p>\u201cEste operativo representa una oportunidad para que los vecinos saquen todos los elementos en desuso de sus hogares, limpien sus patios y colaboren con la prevenci\u00f3n del dengue y otras enfermedades. La tarea que hacemos es profunda y sostenida durante todo el a\u00f1o\u201d, se\u00f1al\u00f3 el secretario de Servicios P\u00fablicos, Christian Mendoza.<br \/>\nAdem\u00e1s, destac\u00f3 el trabajo conjunto con distintas direcciones como Parques y Paseos, Higiene y Riego, que aportaron equipos y operarios para intensificar las tareas.<br \/>\nPor su parte, Sebasti\u00e1n Vega, responsable del \u00e1rea de Fumigaci\u00f3n, inform\u00f3 que se movilizaron 7 camiones, maquinaria pesada, y m\u00e1s de 40 operarios, incluyendo la Brigada del barrio Tabla Redonda.<\/p>\n<p>\u201cEl compromiso de los vecinos es fundamental. Agradecemos la predisposici\u00f3n y colaboraci\u00f3n constante de los barrios que nos reciben. Esto no ser\u00eda posible sin el esfuerzo conjunto entre municipio y comunidad\u201d, expres\u00f3 Vega.<\/p>\n<p>Cabe destacar que el programa \u201cEntorno Saludable\u201d se ejecuta durante todo el a\u00f1o, como una pol\u00edtica sostenida de prevenci\u00f3n, especialmente en la lucha contra el mosquito Aedes aegypti, transmisor del dengue, zika y chikungunya.<\/p>\n<p>Desde el municipio se record\u00f3 a la poblaci\u00f3n que estas tareas continuar\u00e1n en distintos sectores de la ciudad, y se insta a los vecinos a sumarse activamente para mantener una ciudad m\u00e1s limpia, saludable y segura para todos.<\/p>\n","protected":false},"excerpt":{"rendered":"<p>La Secretar\u00eda de Servicios P\u00fablicos de la Municipalidad de La Banda, realiz\u00f3 una nueva jornada del operativo integral \u201cEntorno Saludable\u201d, en los barrios Tabla Redonda, Ampliaci\u00f3n Tabla Redonda y Villa&hellip; <\/p>\n","protected":false},"author":1,"featured_media":58157,"comment_status":"closed","ping_status":"closed","sticky":false,"template":"","format":"standard","meta":{"footnotes":""},"categories":[9],"tags":[],"class_list":["post-58156","post","type-post","status-publish","format-standard","has-post-thumbnail","hentry","category-la-banda"],"_links":{"self":[{"href":"http:\/\/elurbanoweb.com.ar\/diario\/wp-json\/wp\/v2\/posts\/58156","targetHints":{"allow":["GET"]}}],"collection":[{"href":"http:\/\/elurbanoweb.com.ar\/diario\/wp-json\/wp\/v2\/posts"}],"about":[{"href":"http:\/\/elurbanoweb.com.ar\/diario\/wp-json\/wp\/v2\/types\/post"}],"author":[{"embeddable":true,"href":"http:\/\/elurbanoweb.com.ar\/diario\/wp-json\/wp\/v2\/users\/1"}],"replies":[{"embeddable":true,"href":"http:\/\/elurbanoweb.com.ar\/diario\/wp-json\/wp\/v2\/comments?post=58156"}],"version-history":[{"count":1,"href":"http:\/\/elurbanoweb.com.ar\/diario\/wp-json\/wp\/v2\/posts\/58156\/revisions"}],"predecessor-version":[{"id":58158,"href":"http:\/\/elurbanoweb.com.ar\/diario\/wp-json\/wp\/v2\/posts\/58156\/revisions\/58158"}],"wp:featuredmedia":[{"embeddable":true,"href":"http:\/\/elurbanoweb.com.ar\/diario\/wp-json\/wp\/v2\/media\/58157"}],"wp:attachment":[{"href":"http:\/\/elurbanoweb.com.ar\/diario\/wp-json\/wp\/v2\/media?parent=58156"}],"wp:term":[{"taxonomy":"category","embeddable":true,"href":"http:\/\/elurbanoweb.com.ar\/diario\/wp-json\/wp\/v2\/categories?post=58156"},{"taxonomy":"post_tag","embeddable":true,"href":"http:\/\/elurbanoweb.com.ar\/diario\/wp-json\/wp\/v2\/tags?post=58156"}],"curies":[{"name":"wp","href":"https:\/\/api.w.org\/{rel}","templated":true}]}}