{"id":58159,"date":"2025-07-18T09:59:16","date_gmt":"2025-07-18T12:59:16","guid":{"rendered":"https:\/\/elurbanoweb.com.ar\/diario\/?p=58159"},"modified":"2025-07-18T09:59:16","modified_gmt":"2025-07-18T12:59:16","slug":"la-intendente-fuentes-entrego-uniformes-para-el-personal-de-los-comedores-municipales-y-de-la-cocina-central","status":"publish","type":"post","link":"http:\/\/elurbanoweb.com.ar\/diario\/la-intendente-fuentes-entrego-uniformes-para-el-personal-de-los-comedores-municipales-y-de-la-cocina-central\/","title":{"rendered":"La intendente Fuentes entreg\u00f3 uniformes para el personal de los comedores municipales y de la cocina central"},"content":{"rendered":"<p>La intendente de la Capital, Ing. Norma Fuentes, entreg\u00f3 nuevos uniformes a los empleados de los comedores municipales y de la cocina central, quienes se encargan de suministrar desayuno, almuerzo y merienda a cientos de ni\u00f1os que asisten a los establecimientos ubicados en diferentes barrios de la ciudad.<\/p>\n<p><img loading=\"lazy\" decoding=\"async\" class=\"alignnone wp-image-58160 size-large\" src=\"http:\/\/elurbanoweb.com.ar\/diario\/wp-content\/uploads\/2025\/07\/uniformes1-1024x682.jpg\" alt=\"\" width=\"1024\" height=\"682\" srcset=\"http:\/\/elurbanoweb.com.ar\/diario\/wp-content\/uploads\/2025\/07\/uniformes1-1024x682.jpg 1024w, http:\/\/elurbanoweb.com.ar\/diario\/wp-content\/uploads\/2025\/07\/uniformes1-300x200.jpg 300w, http:\/\/elurbanoweb.com.ar\/diario\/wp-content\/uploads\/2025\/07\/uniformes1-150x100.jpg 150w, http:\/\/elurbanoweb.com.ar\/diario\/wp-content\/uploads\/2025\/07\/uniformes1-1536x1023.jpg 1536w, http:\/\/elurbanoweb.com.ar\/diario\/wp-content\/uploads\/2025\/07\/uniformes1.jpg 1600w\" sizes=\"auto, (max-width: 1024px) 100vw, 1024px\" \/><\/p>\n<p><!--more--> M\u00e1s de cuarenta trabajadores recibieron camperas adecuadas para llevar adelante sus tareas cotidianas durante la temporada invernal, de forma c\u00f3moda y segura.<\/p>\n<p>\u00abEn un contexto econ\u00f3mico tan dif\u00edcil como el actual, la labor de brindar un plato de comida a los sectores m\u00e1s vulnerables se vuelve fundamental, por lo que otorgarles la indumentaria adecuada es una gran satisfacci\u00f3n para nosotros\u00bb, indic\u00f3 la jefa comunal.<\/p>\n<p>\u00abCuidar a quienes m\u00e1s lo necesitan es de vital importancia para crear una sociedad m\u00e1s justa, lo que adem\u00e1s de una alimentaci\u00f3n nutritiva, incluye la promoci\u00f3n de la salud y el deporte, que desde el municipio impulsamos a trav\u00e9s de diferentes programas\u00bb, se\u00f1al\u00f3.<\/p>\n<p>La Ing. Fuentes tambi\u00e9n destac\u00f3 que \u00abgracias a nuestra administraci\u00f3n responsable de los recursos, podemos otorgar con fondos propios los bonos salariales anunciados por el gobierno provincial, pues cada empleado se merece un reconocimiento por el esfuerzo que realiza d\u00eda tras d\u00eda\u00bb.<\/p>\n<p>\u00abSigamos defendiendo a la familia municipal con trabajo y responsabilidad, atendiendo las demandas de los vecinos con amabilidad y compromiso\u00bb, expres\u00f3.<\/p>\n<p>Por su parte, en representaci\u00f3n de todos los comedores municipales, la titular del comedor del barrio Borges, Mariela Ruiz, manifest\u00f3 su gratitud \u00abpor el gesto de la intendente Fuentes, que da respuesta a los trabajadores y \u201ccumple con su palabra y compromiso asumido\u00bb.<\/p>\n<p>La intendente estuvo acompa\u00f1ada por los secretarios de Coordinaci\u00f3n, Daniel Kobyla\u00f1ski, y de Gobierno, N\u00e9stor Machado; el subsecretario del \u00e1rea, Diego Brunet, entre otros.<\/p>\n","protected":false},"excerpt":{"rendered":"<p>La intendente de la Capital, Ing. Norma Fuentes, entreg\u00f3 nuevos uniformes a los empleados de los comedores municipales y de la cocina central, quienes se encargan de suministrar desayuno, almuerzo&hellip; <\/p>\n","protected":false},"author":1,"featured_media":58160,"comment_status":"closed","ping_status":"closed","sticky":false,"template":"","format":"standard","meta":{"footnotes":""},"categories":[3],"tags":[],"class_list":["post-58159","post","type-post","status-publish","format-standard","has-post-thumbnail","hentry","category-municipio"],"_links":{"self":[{"href":"http:\/\/elurbanoweb.com.ar\/diario\/wp-json\/wp\/v2\/posts\/58159","targetHints":{"allow":["GET"]}}],"collection":[{"href":"http:\/\/elurbanoweb.com.ar\/diario\/wp-json\/wp\/v2\/posts"}],"about":[{"href":"http:\/\/elurbanoweb.com.ar\/diario\/wp-json\/wp\/v2\/types\/post"}],"author":[{"embeddable":true,"href":"http:\/\/elurbanoweb.com.ar\/diario\/wp-json\/wp\/v2\/users\/1"}],"replies":[{"embeddable":true,"href":"http:\/\/elurbanoweb.com.ar\/diario\/wp-json\/wp\/v2\/comments?post=58159"}],"version-history":[{"count":1,"href":"http:\/\/elurbanoweb.com.ar\/diario\/wp-json\/wp\/v2\/posts\/58159\/revisions"}],"predecessor-version":[{"id":58161,"href":"http:\/\/elurbanoweb.com.ar\/diario\/wp-json\/wp\/v2\/posts\/58159\/revisions\/58161"}],"wp:featuredmedia":[{"embeddable":true,"href":"http:\/\/elurbanoweb.com.ar\/diario\/wp-json\/wp\/v2\/media\/58160"}],"wp:attachment":[{"href":"http:\/\/elurbanoweb.com.ar\/diario\/wp-json\/wp\/v2\/media?parent=58159"}],"wp:term":[{"taxonomy":"category","embeddable":true,"href":"http:\/\/elurbanoweb.com.ar\/diario\/wp-json\/wp\/v2\/categories?post=58159"},{"taxonomy":"post_tag","embeddable":true,"href":"http:\/\/elurbanoweb.com.ar\/diario\/wp-json\/wp\/v2\/tags?post=58159"}],"curies":[{"name":"wp","href":"https:\/\/api.w.org\/{rel}","templated":true}]}}