{"id":58162,"date":"2025-07-18T10:00:31","date_gmt":"2025-07-18T13:00:31","guid":{"rendered":"https:\/\/elurbanoweb.com.ar\/diario\/?p=58162"},"modified":"2025-07-18T10:00:31","modified_gmt":"2025-07-18T13:00:31","slug":"el-stj-recibio-a-reconocidos-juristas-especialistas-en-derecho-privado","status":"publish","type":"post","link":"http:\/\/elurbanoweb.com.ar\/diario\/el-stj-recibio-a-reconocidos-juristas-especialistas-en-derecho-privado\/","title":{"rendered":"El STJ recibi\u00f3 a reconocidos juristas especialistas en Derecho Privado"},"content":{"rendered":"<p>Las Dras. Aida Kemelmajer de Carlucci y Mariana Iglesias y del Dr. Carlos Hern\u00e1ndez dialogaron con las autoridades del Poder Judicial provincial.<\/p>\n<p><img loading=\"lazy\" decoding=\"async\" class=\"alignnone wp-image-58163 size-full\" src=\"http:\/\/elurbanoweb.com.ar\/diario\/wp-content\/uploads\/2025\/07\/reconocimiento1.jpg\" alt=\"\" width=\"1010\" height=\"567\" srcset=\"http:\/\/elurbanoweb.com.ar\/diario\/wp-content\/uploads\/2025\/07\/reconocimiento1.jpg 1010w, http:\/\/elurbanoweb.com.ar\/diario\/wp-content\/uploads\/2025\/07\/reconocimiento1-300x168.jpg 300w, http:\/\/elurbanoweb.com.ar\/diario\/wp-content\/uploads\/2025\/07\/reconocimiento1-150x84.jpg 150w\" sizes=\"auto, (max-width: 1010px) 100vw, 1010px\" \/><\/p>\n<p><!--more--><\/p>\n<p>La Sala de Superintendencia del Tribunal Superior de Justicia, integrada por los Dres. Federico L\u00f3pez Alzogaray y Eduardo Llugdar y la Dra. Ana Rosa Rodr\u00edguez recibi\u00f3 la visita protocolar de las Dras. Aida Kemelmajer de Carlucci, Mariana Iglesias y del Dr. Carlos Hern\u00e1ndez, que se desarrollaron en la Sala de Presidencia del Palacio de Tribunales.<\/p>\n<p>En el encuentro particip\u00f3, adem\u00e1s, el Dr. Gabriel \u00c1vila, decano de la Facultad de Ciencias Pol\u00edticas, Sociales y Jur\u00eddicas de la Universidad Cat\u00f3lica de Santiago del Estero (UCSE) y la Dra. Fernanda Lencina, profesora adjunta de la C\u00e1tedra Pr\u00e1ctica I, de la carrera de Abogac\u00eda de la referida casa de altos estudios.<\/p>\n<p>La reuni\u00f3n se desarroll\u00f3 en un clima ameno y de camarader\u00eda, oportunidad en que los magistrados y visitantes dialogaron sobre distintos temas de relevancia acad\u00e9mica y de actualidad.<\/p>\n<p>En ese \u00e1mbito, los integrantes del m\u00e1ximo tribunal provincial expresaron su benepl\u00e1cito por recibir la visita de reconocidas personalidades, que se destacan por sus aportes jur\u00eddicos y acad\u00e9micos.<\/p>\n<p>Al concluir la recepci\u00f3n, el Dr. Eduardo Llugdar hizo entrega a la Dra. Kemelmajer de Carlucci, del ejemplar de una obra de su autor\u00eda.<\/p>\n<p>Cabe apuntar, que la presencia de los tres juristas a la provincia se produce en el marco de su participaci\u00f3n de la jornada acad\u00e9mica \u201cA 10 a\u00f1os de la implementaci\u00f3n del C\u00f3digo Civil y Comercial\u201d, que es organizada conjuntamente por el Centro \u00danico de Capacitaci\u00f3n del Poder Judicial y la UCSE.<\/p>\n","protected":false},"excerpt":{"rendered":"<p>Las Dras. Aida Kemelmajer de Carlucci y Mariana Iglesias y del Dr. Carlos Hern\u00e1ndez dialogaron con las autoridades del Poder Judicial provincial.<\/p>\n","protected":false},"author":1,"featured_media":58163,"comment_status":"closed","ping_status":"closed","sticky":false,"template":"","format":"standard","meta":{"footnotes":""},"categories":[16],"tags":[],"class_list":["post-58162","post","type-post","status-publish","format-standard","has-post-thumbnail","hentry","category-locales"],"_links":{"self":[{"href":"http:\/\/elurbanoweb.com.ar\/diario\/wp-json\/wp\/v2\/posts\/58162","targetHints":{"allow":["GET"]}}],"collection":[{"href":"http:\/\/elurbanoweb.com.ar\/diario\/wp-json\/wp\/v2\/posts"}],"about":[{"href":"http:\/\/elurbanoweb.com.ar\/diario\/wp-json\/wp\/v2\/types\/post"}],"author":[{"embeddable":true,"href":"http:\/\/elurbanoweb.com.ar\/diario\/wp-json\/wp\/v2\/users\/1"}],"replies":[{"embeddable":true,"href":"http:\/\/elurbanoweb.com.ar\/diario\/wp-json\/wp\/v2\/comments?post=58162"}],"version-history":[{"count":1,"href":"http:\/\/elurbanoweb.com.ar\/diario\/wp-json\/wp\/v2\/posts\/58162\/revisions"}],"predecessor-version":[{"id":58164,"href":"http:\/\/elurbanoweb.com.ar\/diario\/wp-json\/wp\/v2\/posts\/58162\/revisions\/58164"}],"wp:featuredmedia":[{"embeddable":true,"href":"http:\/\/elurbanoweb.com.ar\/diario\/wp-json\/wp\/v2\/media\/58163"}],"wp:attachment":[{"href":"http:\/\/elurbanoweb.com.ar\/diario\/wp-json\/wp\/v2\/media?parent=58162"}],"wp:term":[{"taxonomy":"category","embeddable":true,"href":"http:\/\/elurbanoweb.com.ar\/diario\/wp-json\/wp\/v2\/categories?post=58162"},{"taxonomy":"post_tag","embeddable":true,"href":"http:\/\/elurbanoweb.com.ar\/diario\/wp-json\/wp\/v2\/tags?post=58162"}],"curies":[{"name":"wp","href":"https:\/\/api.w.org\/{rel}","templated":true}]}}