{"id":58165,"date":"2025-07-18T10:02:19","date_gmt":"2025-07-18T13:02:19","guid":{"rendered":"https:\/\/elurbanoweb.com.ar\/diario\/?p=58165"},"modified":"2025-07-18T10:02:19","modified_gmt":"2025-07-18T13:02:19","slug":"las-copas-del-mundo-america-y-la-finalissima-volveran-a-exhibirse-en-la-municipalidad","status":"publish","type":"post","link":"http:\/\/elurbanoweb.com.ar\/diario\/las-copas-del-mundo-america-y-la-finalissima-volveran-a-exhibirse-en-la-municipalidad\/","title":{"rendered":"Las copas del Mundo, Am\u00e9rica y la Finalissima volver\u00e1n a exhibirse en la Municipalidad"},"content":{"rendered":"<p>Las copas de la \u201cScaloneta\u201d que le dieron alegr\u00eda al pueblo argentino ser\u00e1n exhibidas el pr\u00f3ximo lunes 21, en la Municipalidad de la Capital, desde las 9 de la ma\u00f1ana para que los vecinos puedan tener de cerca a los m\u00e1ximos trofeos alcanzados a nivel internacional de la Selecci\u00f3n Argentina.<\/p>\n<p><img loading=\"lazy\" decoding=\"async\" class=\"alignnone wp-image-58166 size-large\" src=\"http:\/\/elurbanoweb.com.ar\/diario\/wp-content\/uploads\/2025\/07\/copas-1024x1024.jpg\" alt=\"\" width=\"1024\" height=\"1024\" srcset=\"http:\/\/elurbanoweb.com.ar\/diario\/wp-content\/uploads\/2025\/07\/copas-1024x1024.jpg 1024w, http:\/\/elurbanoweb.com.ar\/diario\/wp-content\/uploads\/2025\/07\/copas-300x300.jpg 300w, http:\/\/elurbanoweb.com.ar\/diario\/wp-content\/uploads\/2025\/07\/copas-150x150.jpg 150w, http:\/\/elurbanoweb.com.ar\/diario\/wp-content\/uploads\/2025\/07\/copas-1536x1536.jpg 1536w, http:\/\/elurbanoweb.com.ar\/diario\/wp-content\/uploads\/2025\/07\/copas.jpg 1600w\" sizes=\"auto, (max-width: 1024px) 100vw, 1024px\" \/><\/p>\n<p><!--more--> La Copa del Mundo, La Copa Am\u00e9rica y la Copa Finalissima volver\u00e1n a Santiago del Estero, en el marco de los 472 a\u00f1os de la Madre de Ciudades, sum\u00e1ndose como uno de los eventos m\u00e1s trascendentales.<\/p>\n<p>Las \u201cCopas del Pueblo\u201d como se la denominan ya recorrieron casi todo el pa\u00eds, y ser\u00e1n exhibidas en el municipio capitalino.<\/p>\n<p>Los \u00edconos que representan al pa\u00eds de los campeones del mundo fueron obtenidas por la selecci\u00f3n nacional que conduce Lionel Scaloni, y que Lionel Messi, el \u201cDibu\u201d Mart\u00ednez y el \u201cFideo\u201d Di Mar\u00eda, entre otros, supieron levantar las copas, que son emblemas mundiales en el deporte m\u00e1s popular del planeta.<\/p>\n<p>El a\u00f1o pasado fue todo un \u00e9xito la presentaci\u00f3n, y se espera repetir la misma historia el lunes venidero, donde la familia en un evento totalmente gratuito, podr\u00e1n inmortalizarse con una fotograf\u00eda con las copas de Lionel Messi. La exhibici\u00f3n comenzar\u00e1 a las 9, y adem\u00e1s habr\u00e1 diversos juegos de entretenimientos durante la jornada.<\/p>\n","protected":false},"excerpt":{"rendered":"<p>Las copas de la \u201cScaloneta\u201d que le dieron alegr\u00eda al pueblo argentino ser\u00e1n exhibidas el pr\u00f3ximo lunes 21, en la Municipalidad de la Capital, desde las 9 de la ma\u00f1ana&hellip; <\/p>\n","protected":false},"author":1,"featured_media":58166,"comment_status":"closed","ping_status":"closed","sticky":false,"template":"","format":"standard","meta":{"footnotes":""},"categories":[3],"tags":[],"class_list":["post-58165","post","type-post","status-publish","format-standard","has-post-thumbnail","hentry","category-municipio"],"_links":{"self":[{"href":"http:\/\/elurbanoweb.com.ar\/diario\/wp-json\/wp\/v2\/posts\/58165","targetHints":{"allow":["GET"]}}],"collection":[{"href":"http:\/\/elurbanoweb.com.ar\/diario\/wp-json\/wp\/v2\/posts"}],"about":[{"href":"http:\/\/elurbanoweb.com.ar\/diario\/wp-json\/wp\/v2\/types\/post"}],"author":[{"embeddable":true,"href":"http:\/\/elurbanoweb.com.ar\/diario\/wp-json\/wp\/v2\/users\/1"}],"replies":[{"embeddable":true,"href":"http:\/\/elurbanoweb.com.ar\/diario\/wp-json\/wp\/v2\/comments?post=58165"}],"version-history":[{"count":1,"href":"http:\/\/elurbanoweb.com.ar\/diario\/wp-json\/wp\/v2\/posts\/58165\/revisions"}],"predecessor-version":[{"id":58167,"href":"http:\/\/elurbanoweb.com.ar\/diario\/wp-json\/wp\/v2\/posts\/58165\/revisions\/58167"}],"wp:featuredmedia":[{"embeddable":true,"href":"http:\/\/elurbanoweb.com.ar\/diario\/wp-json\/wp\/v2\/media\/58166"}],"wp:attachment":[{"href":"http:\/\/elurbanoweb.com.ar\/diario\/wp-json\/wp\/v2\/media?parent=58165"}],"wp:term":[{"taxonomy":"category","embeddable":true,"href":"http:\/\/elurbanoweb.com.ar\/diario\/wp-json\/wp\/v2\/categories?post=58165"},{"taxonomy":"post_tag","embeddable":true,"href":"http:\/\/elurbanoweb.com.ar\/diario\/wp-json\/wp\/v2\/tags?post=58165"}],"curies":[{"name":"wp","href":"https:\/\/api.w.org\/{rel}","templated":true}]}}