{"id":58168,"date":"2025-07-18T10:03:34","date_gmt":"2025-07-18T13:03:34","guid":{"rendered":"https:\/\/elurbanoweb.com.ar\/diario\/?p=58168"},"modified":"2025-07-18T10:03:34","modified_gmt":"2025-07-18T13:03:34","slug":"la-intendente-fuentes-visito-el-sindicato-de-pasteleros-que-elabora-el-alfajor-santiagueno-gigante-en-homenaje-a-la-ciudad","status":"publish","type":"post","link":"http:\/\/elurbanoweb.com.ar\/diario\/la-intendente-fuentes-visito-el-sindicato-de-pasteleros-que-elabora-el-alfajor-santiagueno-gigante-en-homenaje-a-la-ciudad\/","title":{"rendered":"La intendente Fuentes visit\u00f3 el Sindicato de Pasteleros que elabora el alfajor santiague\u00f1o gigante en homenaje a la ciudad"},"content":{"rendered":"<p>\u201cEl alfajor gigante es una iniciativa que seguimos acompa\u00f1ando como una marca registrada en el cumplea\u00f1os de la ciudad\u201d, destac\u00f3 la intendente, Ing. Norma Fuentes, al visitar la sede del Sindicato de Trabajadores Pasteleros de Santiago del Estero donde se lleva adelante la elaboraci\u00f3n del alfajor santiague\u00f1o en homenaje al cumplea\u00f1os de la \u201cMadre de ciudades\u201d.<\/p>\n<p><img loading=\"lazy\" decoding=\"async\" class=\"alignnone wp-image-58169 size-large\" src=\"http:\/\/elurbanoweb.com.ar\/diario\/wp-content\/uploads\/2025\/07\/pasteleros-1024x683.jpg\" alt=\"\" width=\"1024\" height=\"683\" srcset=\"http:\/\/elurbanoweb.com.ar\/diario\/wp-content\/uploads\/2025\/07\/pasteleros-1024x683.jpg 1024w, http:\/\/elurbanoweb.com.ar\/diario\/wp-content\/uploads\/2025\/07\/pasteleros-300x200.jpg 300w, http:\/\/elurbanoweb.com.ar\/diario\/wp-content\/uploads\/2025\/07\/pasteleros-150x100.jpg 150w, http:\/\/elurbanoweb.com.ar\/diario\/wp-content\/uploads\/2025\/07\/pasteleros-1536x1024.jpg 1536w, http:\/\/elurbanoweb.com.ar\/diario\/wp-content\/uploads\/2025\/07\/pasteleros.jpg 1600w\" sizes=\"auto, (max-width: 1024px) 100vw, 1024px\" \/><\/p>\n<p><!--more--> All\u00ed, fue recibida por Norberto Tabacco, secretario general de la entidad que trabaja en esta iniciativa, y quien junto a los maestros pasteleros abocados a la fabricaci\u00f3n, le explicaron el avance de la producci\u00f3n.<\/p>\n<p>\u201cEs una alegr\u00eda estar en el Sindicato, a horas del proceso de armado que, se ha constituido en un hito del cumplea\u00f1os de la ciudad, en donde hace 4 a\u00f1os comenzamos a trabajar junto a la entidad, buscando el desaf\u00edo permanente, super\u00e1ndose todos los a\u00f1os para hacer m\u00e1s grande el alfajor que en este 2025 va a superar los 2.000 kilos\u201d, remarc\u00f3 la jefa comunal.<\/p>\n<p>Asimismo puso de relieve, la tarea de los pasteleros sobre quienes dijo, realizan un gran sacrificio, haciendo mediante turnos un importante trabajo artesanal que surge de su formaci\u00f3n permanente.<\/p>\n<p>\u201cPor eso es un gusto venir a visitarlos, ver que pr\u00e1cticamente est\u00e1 todo listo y que el domingo comienzan a trasladar las tapas para comenzar el armado\u201d, se\u00f1al\u00f3 la Intendente.<\/p>\n<p>En el final, record\u00f3 que la elaboraci\u00f3n del alfajor es m\u00e9rito del Sindicato de Pasteleros, porque fueron \u201cellos los que llevaron la propuesta a la Municipalidad, similar a lo que sucede en otras ciudades donde se festeja con algo t\u00edpico y tradicional y se pone en valor el alfajor que consumen vecinos y turistas\u201d.<\/p>\n","protected":false},"excerpt":{"rendered":"<p>\u201cEl alfajor gigante es una iniciativa que seguimos acompa\u00f1ando como una marca registrada en el cumplea\u00f1os de la ciudad\u201d, destac\u00f3 la intendente, Ing. Norma Fuentes, al visitar la sede del&hellip; <\/p>\n","protected":false},"author":1,"featured_media":58169,"comment_status":"closed","ping_status":"closed","sticky":false,"template":"","format":"standard","meta":{"footnotes":""},"categories":[3],"tags":[],"class_list":["post-58168","post","type-post","status-publish","format-standard","has-post-thumbnail","hentry","category-municipio"],"_links":{"self":[{"href":"http:\/\/elurbanoweb.com.ar\/diario\/wp-json\/wp\/v2\/posts\/58168","targetHints":{"allow":["GET"]}}],"collection":[{"href":"http:\/\/elurbanoweb.com.ar\/diario\/wp-json\/wp\/v2\/posts"}],"about":[{"href":"http:\/\/elurbanoweb.com.ar\/diario\/wp-json\/wp\/v2\/types\/post"}],"author":[{"embeddable":true,"href":"http:\/\/elurbanoweb.com.ar\/diario\/wp-json\/wp\/v2\/users\/1"}],"replies":[{"embeddable":true,"href":"http:\/\/elurbanoweb.com.ar\/diario\/wp-json\/wp\/v2\/comments?post=58168"}],"version-history":[{"count":1,"href":"http:\/\/elurbanoweb.com.ar\/diario\/wp-json\/wp\/v2\/posts\/58168\/revisions"}],"predecessor-version":[{"id":58170,"href":"http:\/\/elurbanoweb.com.ar\/diario\/wp-json\/wp\/v2\/posts\/58168\/revisions\/58170"}],"wp:featuredmedia":[{"embeddable":true,"href":"http:\/\/elurbanoweb.com.ar\/diario\/wp-json\/wp\/v2\/media\/58169"}],"wp:attachment":[{"href":"http:\/\/elurbanoweb.com.ar\/diario\/wp-json\/wp\/v2\/media?parent=58168"}],"wp:term":[{"taxonomy":"category","embeddable":true,"href":"http:\/\/elurbanoweb.com.ar\/diario\/wp-json\/wp\/v2\/categories?post=58168"},{"taxonomy":"post_tag","embeddable":true,"href":"http:\/\/elurbanoweb.com.ar\/diario\/wp-json\/wp\/v2\/tags?post=58168"}],"curies":[{"name":"wp","href":"https:\/\/api.w.org\/{rel}","templated":true}]}}