{"id":58171,"date":"2025-07-18T10:04:37","date_gmt":"2025-07-18T13:04:37","guid":{"rendered":"https:\/\/elurbanoweb.com.ar\/diario\/?p=58171"},"modified":"2025-07-18T10:05:35","modified_gmt":"2025-07-18T13:05:35","slug":"el-gobierno-de-la-provincia-anuncio-el-pago-de-bonos-extraordinarios-para-planes-de-emergencia-tarjetas-sociales-y-tarjetas-para-beneficiarios-celiacos","status":"publish","type":"post","link":"http:\/\/elurbanoweb.com.ar\/diario\/el-gobierno-de-la-provincia-anuncio-el-pago-de-bonos-extraordinarios-para-planes-de-emergencia-tarjetas-sociales-y-tarjetas-para-beneficiarios-celiacos\/","title":{"rendered":"El Gobierno de la Provincia anunci\u00f3 el pago de bonos extraordinarios para planes de emergencia, tarjetas sociales y para beneficiarios cel\u00edacos"},"content":{"rendered":"<p>El jefe de Gabinete, El\u00edas Su\u00e1rez, por indicaci\u00f3n del gobernador Gerardo Zamora, anunci\u00f3 el pago de bonos extraordinarios para beneficiarios de planes de emergencia, tarjetas sociales y tarjetas para personas cel\u00edacas.<\/p>\n<p><img loading=\"lazy\" decoding=\"async\" class=\"alignnone wp-image-58172 size-large\" src=\"http:\/\/elurbanoweb.com.ar\/diario\/wp-content\/uploads\/2025\/07\/pago-1024x682.jpg\" alt=\"\" width=\"1024\" height=\"682\" srcset=\"http:\/\/elurbanoweb.com.ar\/diario\/wp-content\/uploads\/2025\/07\/pago-1024x682.jpg 1024w, http:\/\/elurbanoweb.com.ar\/diario\/wp-content\/uploads\/2025\/07\/pago-300x200.jpg 300w, http:\/\/elurbanoweb.com.ar\/diario\/wp-content\/uploads\/2025\/07\/pago-150x100.jpg 150w, http:\/\/elurbanoweb.com.ar\/diario\/wp-content\/uploads\/2025\/07\/pago-1536x1023.jpg 1536w, http:\/\/elurbanoweb.com.ar\/diario\/wp-content\/uploads\/2025\/07\/pago.jpg 1600w\" sizes=\"auto, (max-width: 1024px) 100vw, 1024px\" \/><\/p>\n<p><!--more--><\/p>\n<p>Lo hizo acompa\u00f1ado por la ministra de Justicia y Derechos Humanos, Matilde O\u2019Mill, y el ministro de Desarrollo Social, \u00c1ngel Niccolai.<\/p>\n<p>El Gobierno de la Provincia informa que el pr\u00f3ximo martes 22 de julio se har\u00e1 efectivo el pago de los bonos extraordinarios con los siguientes montos:<\/p>\n<p>Planes de emergencia provinciales: bono de $100.000<br \/>\nTitulares de tarjetas sociales: bono de $60.000<br \/>\nPersonas beneficiarias de la tarjeta para cel\u00edacos: bono de $50.000<\/p>\n<p>Los pagos se efectuar\u00e1n a trav\u00e9s de los mecanismos habituales de acreditaci\u00f3n.<\/p>\n<p>Estas sumas extraordinarias est\u00e1n exentas de cualquier tipo de descuento.<\/p>\n","protected":false},"excerpt":{"rendered":"<p>El jefe de Gabinete, El\u00edas Su\u00e1rez, por indicaci\u00f3n del gobernador Gerardo Zamora, anunci\u00f3 el pago de bonos extraordinarios para beneficiarios de planes de emergencia, tarjetas sociales y tarjetas para personas&hellip; <\/p>\n","protected":false},"author":1,"featured_media":58172,"comment_status":"closed","ping_status":"closed","sticky":false,"template":"","format":"standard","meta":{"footnotes":""},"categories":[2],"tags":[],"class_list":["post-58171","post","type-post","status-publish","format-standard","has-post-thumbnail","hentry","category-gobierno"],"_links":{"self":[{"href":"http:\/\/elurbanoweb.com.ar\/diario\/wp-json\/wp\/v2\/posts\/58171","targetHints":{"allow":["GET"]}}],"collection":[{"href":"http:\/\/elurbanoweb.com.ar\/diario\/wp-json\/wp\/v2\/posts"}],"about":[{"href":"http:\/\/elurbanoweb.com.ar\/diario\/wp-json\/wp\/v2\/types\/post"}],"author":[{"embeddable":true,"href":"http:\/\/elurbanoweb.com.ar\/diario\/wp-json\/wp\/v2\/users\/1"}],"replies":[{"embeddable":true,"href":"http:\/\/elurbanoweb.com.ar\/diario\/wp-json\/wp\/v2\/comments?post=58171"}],"version-history":[{"count":2,"href":"http:\/\/elurbanoweb.com.ar\/diario\/wp-json\/wp\/v2\/posts\/58171\/revisions"}],"predecessor-version":[{"id":58174,"href":"http:\/\/elurbanoweb.com.ar\/diario\/wp-json\/wp\/v2\/posts\/58171\/revisions\/58174"}],"wp:featuredmedia":[{"embeddable":true,"href":"http:\/\/elurbanoweb.com.ar\/diario\/wp-json\/wp\/v2\/media\/58172"}],"wp:attachment":[{"href":"http:\/\/elurbanoweb.com.ar\/diario\/wp-json\/wp\/v2\/media?parent=58171"}],"wp:term":[{"taxonomy":"category","embeddable":true,"href":"http:\/\/elurbanoweb.com.ar\/diario\/wp-json\/wp\/v2\/categories?post=58171"},{"taxonomy":"post_tag","embeddable":true,"href":"http:\/\/elurbanoweb.com.ar\/diario\/wp-json\/wp\/v2\/tags?post=58171"}],"curies":[{"name":"wp","href":"https:\/\/api.w.org\/{rel}","templated":true}]}}