{"id":58179,"date":"2025-07-18T23:18:08","date_gmt":"2025-07-19T02:18:08","guid":{"rendered":"https:\/\/elurbanoweb.com.ar\/diario\/?p=58179"},"modified":"2025-07-18T23:37:32","modified_gmt":"2025-07-19T02:37:32","slug":"puentes-de-cultura-las-bibliotecas-populares-como-protagonistas-del-intercambio-cultural","status":"publish","type":"post","link":"http:\/\/elurbanoweb.com.ar\/diario\/puentes-de-cultura-las-bibliotecas-populares-como-protagonistas-del-intercambio-cultural\/","title":{"rendered":"Puentes de Cultura: Las Bibliotecas Populares como protagonistas del intercambio cultural"},"content":{"rendered":"<p style=\"text-align: left;\">En la tarde del 18 de julio, en el Aula C del EIE de la Universidad Nacional de Santiago del Estero (UNSE), se llev\u00f3 a cabo la 2\u00ba Jornada Interprovincial \u201cPuentes de Cultura\u201d, una iniciativa impulsada por la Biblioteca Popular Club de Maestros, que convoc\u00f3 a referentes de Santiago del Estero y Entre R\u00edos para reflexionar sobre el presente y futuro de las<br \/>\nbibliotecas populares como actores fundamentales del tejido cultural argentino.<\/p>\n<p><img loading=\"lazy\" decoding=\"async\" class=\"alignnone wp-image-58180 size-large\" src=\"http:\/\/elurbanoweb.com.ar\/diario\/wp-content\/uploads\/2025\/07\/jornada2ok-1024x768.jpg\" alt=\"\" width=\"1024\" height=\"768\" srcset=\"http:\/\/elurbanoweb.com.ar\/diario\/wp-content\/uploads\/2025\/07\/jornada2ok-1024x768.jpg 1024w, http:\/\/elurbanoweb.com.ar\/diario\/wp-content\/uploads\/2025\/07\/jornada2ok-300x225.jpg 300w, http:\/\/elurbanoweb.com.ar\/diario\/wp-content\/uploads\/2025\/07\/jornada2ok-150x113.jpg 150w, http:\/\/elurbanoweb.com.ar\/diario\/wp-content\/uploads\/2025\/07\/jornada2ok-1536x1152.jpg 1536w, http:\/\/elurbanoweb.com.ar\/diario\/wp-content\/uploads\/2025\/07\/jornada2ok.jpg 1600w\" sizes=\"auto, (max-width: 1024px) 100vw, 1024px\" \/><\/p>\n<p style=\"text-align: left;\"><!--more-->El evento cont\u00f3 con dos conversatorios centrales. El primero, a cargo del Lic. Exequiel Santiago P\u00e9rez L\u00f3pez, abord\u00f3 el rol de las bibliotecas bajo el t\u00edtulo \u201cLas Bibliotecas hablan\u201d, poniendo de relieve la experiencia santiague\u00f1a en la recuperaci\u00f3n, revalorizaci\u00f3n y resignificaci\u00f3n de estas instituciones como espacios vivos y necesarios para la educaci\u00f3n, la cultura y el desarrollo social.<\/p>\n<p style=\"text-align: left;\">\u201cEl trabajo de las bibliotecas populares es muchas veces silencioso pero esencial. Las bibliotecas sostienen puentes que permiten a las personas no solo acceder a un libro, sino tambi\u00e9n a herramientas para proyectar un futuro mejor. Estos espacios son verdaderos n\u00facleos de comunidad, de encuentro y de construcci\u00f3n de ciudadan\u00eda. Me siento muy contento por la participaci\u00f3n de j\u00f3venes. De ellos es el futuro.\u201d, sostuvo P\u00e9rez L\u00f3pez.<\/p>\n<p style=\"text-align: left;\">Por su parte, Jorge Pesaro (Entre R\u00edos), disert\u00f3 sobre \u201cCOBIPA: Pensar a las Bibliotecas Populares en el Siglo XXI\u201d, destacando la necesidad de fortalecer las redes entre instituciones y repensar el papel de las bibliotecas ante los desaf\u00edos de las nuevas tecnolog\u00edas y los cambios sociales.<\/p>\n<p style=\"text-align: left;\">La jornada se complet\u00f3 con intercambios literarios, donde se compartieron lecturas de poes\u00edas y cuentos t\u00edpicos, y una movilizaci\u00f3n hacia la Feria Municipal, donde los asistentes pudieron disfrutar de experiencias culturales y gastron\u00f3micas aut\u00f3ctonas.<\/p>\n<p style=\"text-align: left;\">Estos encuentros fortalecen no solo a las bibliotecas, sino al entramado social en su conjunto. Generar redes entre provincias, compartir experiencias y reflexionar juntos es vital para sostener una cultura viva, con ra\u00edces profundas y abiertas al futuro, sostuvo el Ing. Maximiliano Unlandt, presidente de la Biblioteca. Tambi\u00e9n participaron del evento Pav\u00f3n Ariadna, vicepresidente de la Biblioteca Popular Francisco de Aguirre, \u00c1vila Joaqu\u00edn, Bulacio Narella y G\u00f3mez Antonella.<\/p>\n<p style=\"text-align: left;\">Con esta jornada, la Biblioteca Popular Club de Maestros reafirma su compromiso de tender puentes entre comunidades, reforzando su rol como motor cultural en la provincia y como referente en la construcci\u00f3n de ciudadan\u00eda a trav\u00e9s del libro, la palabra y la memoria colectiva.<\/p>\n","protected":false},"excerpt":{"rendered":"<p>En la tarde del 18 de julio, en el Aula C del EIE de la Universidad Nacional de Santiago del Estero (UNSE), se llev\u00f3 a cabo la 2\u00ba Jornada Interprovincial&hellip; <\/p>\n","protected":false},"author":1,"featured_media":58180,"comment_status":"closed","ping_status":"closed","sticky":false,"template":"","format":"standard","meta":{"footnotes":""},"categories":[15],"tags":[],"class_list":["post-58179","post","type-post","status-publish","format-standard","has-post-thumbnail","hentry","category-unse"],"_links":{"self":[{"href":"http:\/\/elurbanoweb.com.ar\/diario\/wp-json\/wp\/v2\/posts\/58179","targetHints":{"allow":["GET"]}}],"collection":[{"href":"http:\/\/elurbanoweb.com.ar\/diario\/wp-json\/wp\/v2\/posts"}],"about":[{"href":"http:\/\/elurbanoweb.com.ar\/diario\/wp-json\/wp\/v2\/types\/post"}],"author":[{"embeddable":true,"href":"http:\/\/elurbanoweb.com.ar\/diario\/wp-json\/wp\/v2\/users\/1"}],"replies":[{"embeddable":true,"href":"http:\/\/elurbanoweb.com.ar\/diario\/wp-json\/wp\/v2\/comments?post=58179"}],"version-history":[{"count":3,"href":"http:\/\/elurbanoweb.com.ar\/diario\/wp-json\/wp\/v2\/posts\/58179\/revisions"}],"predecessor-version":[{"id":58184,"href":"http:\/\/elurbanoweb.com.ar\/diario\/wp-json\/wp\/v2\/posts\/58179\/revisions\/58184"}],"wp:featuredmedia":[{"embeddable":true,"href":"http:\/\/elurbanoweb.com.ar\/diario\/wp-json\/wp\/v2\/media\/58180"}],"wp:attachment":[{"href":"http:\/\/elurbanoweb.com.ar\/diario\/wp-json\/wp\/v2\/media?parent=58179"}],"wp:term":[{"taxonomy":"category","embeddable":true,"href":"http:\/\/elurbanoweb.com.ar\/diario\/wp-json\/wp\/v2\/categories?post=58179"},{"taxonomy":"post_tag","embeddable":true,"href":"http:\/\/elurbanoweb.com.ar\/diario\/wp-json\/wp\/v2\/tags?post=58179"}],"curies":[{"name":"wp","href":"https:\/\/api.w.org\/{rel}","templated":true}]}}