{"id":58185,"date":"2025-07-19T09:05:11","date_gmt":"2025-07-19T12:05:11","guid":{"rendered":"https:\/\/elurbanoweb.com.ar\/diario\/?p=58185"},"modified":"2025-07-19T09:05:11","modified_gmt":"2025-07-19T12:05:11","slug":"la-banda-realizo-con-exito-la-primera-edicion-del-mercadito-saludable","status":"publish","type":"post","link":"http:\/\/elurbanoweb.com.ar\/diario\/la-banda-realizo-con-exito-la-primera-edicion-del-mercadito-saludable\/","title":{"rendered":"La Banda realiz\u00f3 con \u00e9xito la primera edici\u00f3n del \u201cMercadito Saludable\u201d"},"content":{"rendered":"<p>En el marco de las actividades organizadas por la Oficina de Emprendedores de la Municipalidad de La Banda, se llev\u00f3 a cabo este viernes la primera edici\u00f3n de la feria Mercadito Saludable en la plaza ubicada en la intersecci\u00f3n de Av. Belgrano y Besares.<\/p>\n<p><img loading=\"lazy\" decoding=\"async\" class=\"alignnone wp-image-58186 size-full\" src=\"http:\/\/elurbanoweb.com.ar\/diario\/wp-content\/uploads\/2025\/07\/linda1.jpg\" alt=\"\" width=\"1010\" height=\"567\" srcset=\"http:\/\/elurbanoweb.com.ar\/diario\/wp-content\/uploads\/2025\/07\/linda1.jpg 1010w, http:\/\/elurbanoweb.com.ar\/diario\/wp-content\/uploads\/2025\/07\/linda1-300x168.jpg 300w, http:\/\/elurbanoweb.com.ar\/diario\/wp-content\/uploads\/2025\/07\/linda1-150x84.jpg 150w\" sizes=\"auto, (max-width: 1010px) 100vw, 1010px\" \/><\/p>\n<p><!--more--><\/p>\n<p>Desde las 10 de la ma\u00f1ana, emprendedores y feriantes locales comenzaron a ofrecer al p\u00fablico una amplia variedad de productos saludables, tales como frutas, verduras, alimentos sin TACC, productos integrales, dulces caseros y otros art\u00edculos elaborados bajo criterios de alimentaci\u00f3n sana.<\/p>\n<p>Al respecto, la responsable del \u00e1rea, Zahen Nabac, destac\u00f3 la importancia de estos espacios: \u201cEstamos muy contentos con esta primera experiencia. La feria tuvo una buena repercusi\u00f3n entre vecinos y emprendedores. Estas actividades no solo fomentan h\u00e1bitos saludables, sino que tambi\u00e9n promueven la econom\u00eda local y brindan oportunidades reales a quienes apuestan al trabajo independiente\u201d.<\/p>\n<p>Asimismo, Nabac adelant\u00f3 que, debido al inter\u00e9s del p\u00fablico, se prev\u00e9 realizar nuevas ediciones del Mercadito Saludable con mayor frecuencia: \u201cLa gente busca este tipo de productos y valora poder encontrarlos en un solo lugar. Por eso queremos repetir la propuesta y hacerla parte del calendario habitual de ferias\u201d.<\/p>\n<p>El municipio, bajo los lineamientos del intendente Roger Nediani, contin\u00faa desarrollando pol\u00edticas activas que fortalecen el autoempleo y la econom\u00eda social, generando espacios de visibilidad y comercializaci\u00f3n para los peque\u00f1os productores locales.<\/p>\n","protected":false},"excerpt":{"rendered":"<p>En el marco de las actividades organizadas por la Oficina de Emprendedores de la Municipalidad de La Banda, se llev\u00f3 a cabo este viernes la primera edici\u00f3n de la feria&hellip; <\/p>\n","protected":false},"author":1,"featured_media":58186,"comment_status":"closed","ping_status":"closed","sticky":false,"template":"","format":"standard","meta":{"footnotes":""},"categories":[9],"tags":[],"class_list":["post-58185","post","type-post","status-publish","format-standard","has-post-thumbnail","hentry","category-la-banda"],"_links":{"self":[{"href":"http:\/\/elurbanoweb.com.ar\/diario\/wp-json\/wp\/v2\/posts\/58185","targetHints":{"allow":["GET"]}}],"collection":[{"href":"http:\/\/elurbanoweb.com.ar\/diario\/wp-json\/wp\/v2\/posts"}],"about":[{"href":"http:\/\/elurbanoweb.com.ar\/diario\/wp-json\/wp\/v2\/types\/post"}],"author":[{"embeddable":true,"href":"http:\/\/elurbanoweb.com.ar\/diario\/wp-json\/wp\/v2\/users\/1"}],"replies":[{"embeddable":true,"href":"http:\/\/elurbanoweb.com.ar\/diario\/wp-json\/wp\/v2\/comments?post=58185"}],"version-history":[{"count":1,"href":"http:\/\/elurbanoweb.com.ar\/diario\/wp-json\/wp\/v2\/posts\/58185\/revisions"}],"predecessor-version":[{"id":58187,"href":"http:\/\/elurbanoweb.com.ar\/diario\/wp-json\/wp\/v2\/posts\/58185\/revisions\/58187"}],"wp:featuredmedia":[{"embeddable":true,"href":"http:\/\/elurbanoweb.com.ar\/diario\/wp-json\/wp\/v2\/media\/58186"}],"wp:attachment":[{"href":"http:\/\/elurbanoweb.com.ar\/diario\/wp-json\/wp\/v2\/media?parent=58185"}],"wp:term":[{"taxonomy":"category","embeddable":true,"href":"http:\/\/elurbanoweb.com.ar\/diario\/wp-json\/wp\/v2\/categories?post=58185"},{"taxonomy":"post_tag","embeddable":true,"href":"http:\/\/elurbanoweb.com.ar\/diario\/wp-json\/wp\/v2\/tags?post=58185"}],"curies":[{"name":"wp","href":"https:\/\/api.w.org\/{rel}","templated":true}]}}