{"id":58188,"date":"2025-07-19T09:07:02","date_gmt":"2025-07-19T12:07:02","guid":{"rendered":"https:\/\/elurbanoweb.com.ar\/diario\/?p=58188"},"modified":"2025-07-19T09:07:02","modified_gmt":"2025-07-19T12:07:02","slug":"el-municipio-prepara-actividades-infantiles-de-arte-historia-y-cultura-para-estas-vacaciones-de-invierno","status":"publish","type":"post","link":"http:\/\/elurbanoweb.com.ar\/diario\/el-municipio-prepara-actividades-infantiles-de-arte-historia-y-cultura-para-estas-vacaciones-de-invierno\/","title":{"rendered":"El municipio prepara actividades infantiles de arte, historia y cultura para estas vacaciones de invierno"},"content":{"rendered":"<p>En el marco del receso invernal, la Municipalidad de La Banda, a trav\u00e9s de un trabajo articulado entre la Oficina de Informaci\u00f3n Ciudadana y el Museo L\u00e1zaro Criado, lanz\u00f3 una atractiva propuesta cultural y educativa destinada a los ni\u00f1os y ni\u00f1as de la ciudad.<\/p>\n<p><img loading=\"lazy\" decoding=\"async\" class=\"alignnone wp-image-58189 size-full\" src=\"http:\/\/elurbanoweb.com.ar\/diario\/wp-content\/uploads\/2025\/07\/kari.jpg\" alt=\"\" width=\"1010\" height=\"567\" srcset=\"http:\/\/elurbanoweb.com.ar\/diario\/wp-content\/uploads\/2025\/07\/kari.jpg 1010w, http:\/\/elurbanoweb.com.ar\/diario\/wp-content\/uploads\/2025\/07\/kari-300x168.jpg 300w, http:\/\/elurbanoweb.com.ar\/diario\/wp-content\/uploads\/2025\/07\/kari-150x84.jpg 150w\" sizes=\"auto, (max-width: 1010px) 100vw, 1010px\" \/><\/p>\n<p><!--more--><\/p>\n<p>Durante la primera semana de vacaciones, de lunes a viernes, desde las 14 hasta las 19, se llevar\u00e1n adelante actividades l\u00fadicas, art\u00edsticas y educativas pensadas especialmente para los m\u00e1s peque\u00f1os. El objetivo es ofrecer un espacio recreativo con contenido cultural, fomentando el aprendizaje de la historia local a trav\u00e9s del arte, el juego y la interacci\u00f3n.<\/p>\n<p>Al respecto, la responsable de Informaci\u00f3n Ciudadana, Karina N\u00fa\u00f1ez, se\u00f1al\u00f3: \u201cQueremos que los ni\u00f1os se diviertan, pero tambi\u00e9n que conozcan y valoren nuestra cultura, nuestras leyendas y monumentos hist\u00f3ricos. Estas actividades son gratuitas, incluyen una merienda y est\u00e1n pensadas para compartir en familia\u201d.<\/p>\n<p>Por su parte, Susana Ciappino, responsable del Museo L\u00e1zaro Criado, destac\u00f3 la importancia de acercar la historia local a los m\u00e1s j\u00f3venes: \u201cLos chicos pintar\u00e1n y representar\u00e1n las leyendas e \u00edconos de la ciudad. Es una manera did\u00e1ctica y creativa de conectarlos con nuestro patrimonio\u201d.<\/p>\n<p>Adem\u00e1s, los visitantes podr\u00e1n recorrer la Galer\u00eda de Intendentes, la Galer\u00eda de Mujeres Destacadas, y apreciar la colecci\u00f3n de obras de la reconocida artista pl\u00e1stica Juanita Briones, junto a otras piezas patrimoniales.<\/p>\n<p>Desde el municipio se invit\u00f3 a toda la comunidad a participar y a continuar visitando el museo durante todo el a\u00f1o, ya que permanece abierto con visitas guiadas, actividades educativas y exposiciones permanentes.<\/p>\n","protected":false},"excerpt":{"rendered":"<p>En el marco del receso invernal, la Municipalidad de La Banda, a trav\u00e9s de un trabajo articulado entre la Oficina de Informaci\u00f3n Ciudadana y el Museo L\u00e1zaro Criado, lanz\u00f3 una&hellip; <\/p>\n","protected":false},"author":1,"featured_media":58189,"comment_status":"closed","ping_status":"closed","sticky":false,"template":"","format":"standard","meta":{"footnotes":""},"categories":[9],"tags":[],"class_list":["post-58188","post","type-post","status-publish","format-standard","has-post-thumbnail","hentry","category-la-banda"],"_links":{"self":[{"href":"http:\/\/elurbanoweb.com.ar\/diario\/wp-json\/wp\/v2\/posts\/58188","targetHints":{"allow":["GET"]}}],"collection":[{"href":"http:\/\/elurbanoweb.com.ar\/diario\/wp-json\/wp\/v2\/posts"}],"about":[{"href":"http:\/\/elurbanoweb.com.ar\/diario\/wp-json\/wp\/v2\/types\/post"}],"author":[{"embeddable":true,"href":"http:\/\/elurbanoweb.com.ar\/diario\/wp-json\/wp\/v2\/users\/1"}],"replies":[{"embeddable":true,"href":"http:\/\/elurbanoweb.com.ar\/diario\/wp-json\/wp\/v2\/comments?post=58188"}],"version-history":[{"count":1,"href":"http:\/\/elurbanoweb.com.ar\/diario\/wp-json\/wp\/v2\/posts\/58188\/revisions"}],"predecessor-version":[{"id":58190,"href":"http:\/\/elurbanoweb.com.ar\/diario\/wp-json\/wp\/v2\/posts\/58188\/revisions\/58190"}],"wp:featuredmedia":[{"embeddable":true,"href":"http:\/\/elurbanoweb.com.ar\/diario\/wp-json\/wp\/v2\/media\/58189"}],"wp:attachment":[{"href":"http:\/\/elurbanoweb.com.ar\/diario\/wp-json\/wp\/v2\/media?parent=58188"}],"wp:term":[{"taxonomy":"category","embeddable":true,"href":"http:\/\/elurbanoweb.com.ar\/diario\/wp-json\/wp\/v2\/categories?post=58188"},{"taxonomy":"post_tag","embeddable":true,"href":"http:\/\/elurbanoweb.com.ar\/diario\/wp-json\/wp\/v2\/tags?post=58188"}],"curies":[{"name":"wp","href":"https:\/\/api.w.org\/{rel}","templated":true}]}}