{"id":58191,"date":"2025-07-19T09:09:58","date_gmt":"2025-07-19T12:09:58","guid":{"rendered":"https:\/\/elurbanoweb.com.ar\/diario\/?p=58191"},"modified":"2025-07-19T09:09:58","modified_gmt":"2025-07-19T12:09:58","slug":"la-intendente-fuentes-superviso-la-obra-de-mas-de-3-800-metros-de-alumbrado-publico-de-la-colectora-de-la-av-de-circunvalacion","status":"publish","type":"post","link":"http:\/\/elurbanoweb.com.ar\/diario\/la-intendente-fuentes-superviso-la-obra-de-mas-de-3-800-metros-de-alumbrado-publico-de-la-colectora-de-la-av-de-circunvalacion\/","title":{"rendered":"La intendente Fuentes supervis\u00f3 la obra de m\u00e1s de 3.800 metros de alumbrado p\u00fablico de la colectora de la Av. de circunvalaci\u00f3n"},"content":{"rendered":"<p>La intendente de la Capital, Ing. Norma Fuentes, supervis\u00f3 la obra de restauraci\u00f3n del alumbrado p\u00fablico de la colectora de la Circunvalaci\u00f3n, desde la avenida Belgrano hasta la avenida Sol\u00eds, donde las luminarias fueron afectadas por actos de vandalismo.<\/p>\n<p><img loading=\"lazy\" decoding=\"async\" class=\"alignnone wp-image-58192 size-large\" src=\"http:\/\/elurbanoweb.com.ar\/diario\/wp-content\/uploads\/2025\/07\/alumbrano-1024x682.jpg\" alt=\"\" width=\"1024\" height=\"682\" srcset=\"http:\/\/elurbanoweb.com.ar\/diario\/wp-content\/uploads\/2025\/07\/alumbrano-1024x682.jpg 1024w, http:\/\/elurbanoweb.com.ar\/diario\/wp-content\/uploads\/2025\/07\/alumbrano-300x200.jpg 300w, http:\/\/elurbanoweb.com.ar\/diario\/wp-content\/uploads\/2025\/07\/alumbrano-150x100.jpg 150w, http:\/\/elurbanoweb.com.ar\/diario\/wp-content\/uploads\/2025\/07\/alumbrano-1536x1023.jpg 1536w, http:\/\/elurbanoweb.com.ar\/diario\/wp-content\/uploads\/2025\/07\/alumbrano.jpg 1600w\" sizes=\"auto, (max-width: 1024px) 100vw, 1024px\" \/><\/p>\n<p><!--more--> A cargo de la Direcci\u00f3n de Electricidad, las tareas consisten en reemplazar el sistema subterr\u00e1neo de alimentaci\u00f3n de las columnas por un nuevo cableado a\u00e9reo y conexiones en altura, a los fines de evitar manipulaciones que perjudiquen el alumbrado p\u00fablico.<\/p>\n<p>La jefa comunal indic\u00f3 que \u00abse modificar\u00e1 el dise\u00f1o t\u00e9cnico del sistema de cableado, pasando de uno subterr\u00e1neo a uno a\u00e9reo, buscando evitar los reiterados actos de vandalismo que se registran en este sector para garantizar que la iluminaci\u00f3n no se vea perjudicada\u00bb.<\/p>\n<p>\u00abQueremos que los corredores urbanos principales, por donde se accede a la ciudad, est\u00e9n debidamente iluminados y en buenas condiciones para circular, por lo que apelamos a la toma de conciencia para que cuidemos entre todos el patrimonio de la ciudad\u00bb, expres\u00f3.<\/p>\n<p>La Ing. Fuentes destac\u00f3 que \u00abeste nuevo sistema se puede adaptar a la telegesti\u00f3n, para que pueda ser monitoreado remotamente y notificarnos as\u00ed al instante si se produce alguna falla o desperfecto que afecte el servicio de alumbrado\u00bb.<\/p>\n<p>De esta manera, se cubrir\u00e1n en este corredor urbano m\u00e1s de 3800 metros lineales con la colocaci\u00f3n de m\u00e1s de 150 columnas de nueve metros de altura, adem\u00e1s de instalar cuatro comandos con sus respectivas protecciones, tanto para lo material como para mayor seguridad ante cualquier descarga.<\/p>\n<p>Cabe recordar que la actual gesti\u00f3n municipal lleva reconvertidos m\u00e1s de 45.000 puntos de luz, lo que representa un 55% del total de la iluminaci\u00f3n urbana, beneficiando sobre todo a las principales avenidas, accesos, calles y espacios verdes; proyectando llegar al 70% hasta fin de a\u00f1o.<\/p>\n","protected":false},"excerpt":{"rendered":"<p>La intendente de la Capital, Ing. Norma Fuentes, supervis\u00f3 la obra de restauraci\u00f3n del alumbrado p\u00fablico de la colectora de la Circunvalaci\u00f3n, desde la avenida Belgrano hasta la avenida Sol\u00eds,&hellip; <\/p>\n","protected":false},"author":1,"featured_media":58192,"comment_status":"closed","ping_status":"closed","sticky":false,"template":"","format":"standard","meta":{"footnotes":""},"categories":[3],"tags":[],"class_list":["post-58191","post","type-post","status-publish","format-standard","has-post-thumbnail","hentry","category-municipio"],"_links":{"self":[{"href":"http:\/\/elurbanoweb.com.ar\/diario\/wp-json\/wp\/v2\/posts\/58191","targetHints":{"allow":["GET"]}}],"collection":[{"href":"http:\/\/elurbanoweb.com.ar\/diario\/wp-json\/wp\/v2\/posts"}],"about":[{"href":"http:\/\/elurbanoweb.com.ar\/diario\/wp-json\/wp\/v2\/types\/post"}],"author":[{"embeddable":true,"href":"http:\/\/elurbanoweb.com.ar\/diario\/wp-json\/wp\/v2\/users\/1"}],"replies":[{"embeddable":true,"href":"http:\/\/elurbanoweb.com.ar\/diario\/wp-json\/wp\/v2\/comments?post=58191"}],"version-history":[{"count":1,"href":"http:\/\/elurbanoweb.com.ar\/diario\/wp-json\/wp\/v2\/posts\/58191\/revisions"}],"predecessor-version":[{"id":58193,"href":"http:\/\/elurbanoweb.com.ar\/diario\/wp-json\/wp\/v2\/posts\/58191\/revisions\/58193"}],"wp:featuredmedia":[{"embeddable":true,"href":"http:\/\/elurbanoweb.com.ar\/diario\/wp-json\/wp\/v2\/media\/58192"}],"wp:attachment":[{"href":"http:\/\/elurbanoweb.com.ar\/diario\/wp-json\/wp\/v2\/media?parent=58191"}],"wp:term":[{"taxonomy":"category","embeddable":true,"href":"http:\/\/elurbanoweb.com.ar\/diario\/wp-json\/wp\/v2\/categories?post=58191"},{"taxonomy":"post_tag","embeddable":true,"href":"http:\/\/elurbanoweb.com.ar\/diario\/wp-json\/wp\/v2\/tags?post=58191"}],"curies":[{"name":"wp","href":"https:\/\/api.w.org\/{rel}","templated":true}]}}