{"id":58194,"date":"2025-07-19T09:11:24","date_gmt":"2025-07-19T12:11:24","guid":{"rendered":"https:\/\/elurbanoweb.com.ar\/diario\/?p=58194"},"modified":"2025-07-19T09:11:24","modified_gmt":"2025-07-19T12:11:24","slug":"la-secretaria-de-salud-promueve-habitos-alimentarios-saludables-en-invierno","status":"publish","type":"post","link":"http:\/\/elurbanoweb.com.ar\/diario\/la-secretaria-de-salud-promueve-habitos-alimentarios-saludables-en-invierno\/","title":{"rendered":"La Secretar\u00eda de Salud promueve h\u00e1bitos alimentarios saludables en invierno"},"content":{"rendered":"<p>En el encuentro se destac\u00f3 la importancia de fortalecer el sistema inmunol\u00f3gico mediante una alimentaci\u00f3n equilibrada, con especial \u00e9nfasis en el consumo regular de frutas y verduras ricas en vitamina C, as\u00ed como otros alimentos naturales que aportan nutrientes esenciales.<\/p>\n<p><img loading=\"lazy\" decoding=\"async\" class=\"alignnone wp-image-58195 size-full\" src=\"http:\/\/elurbanoweb.com.ar\/diario\/wp-content\/uploads\/2025\/07\/habitos1.jpg\" alt=\"\" width=\"1010\" height=\"567\" srcset=\"http:\/\/elurbanoweb.com.ar\/diario\/wp-content\/uploads\/2025\/07\/habitos1.jpg 1010w, http:\/\/elurbanoweb.com.ar\/diario\/wp-content\/uploads\/2025\/07\/habitos1-300x168.jpg 300w, http:\/\/elurbanoweb.com.ar\/diario\/wp-content\/uploads\/2025\/07\/habitos1-150x84.jpg 150w\" sizes=\"auto, (max-width: 1010px) 100vw, 1010px\" \/><\/p>\n<p><!--more--><\/p>\n<p>En el marco de las acciones de promoci\u00f3n y prevenci\u00f3n de enfermedades estacionales, personal del CAMM Ampliaci\u00f3n Primero de Mayo desarroll\u00f3 un taller informativo destinado a la comunidad sobre alimentaci\u00f3n saludable durante los meses de invierno.<\/p>\n<p>Durante el encuentro se hizo hincapi\u00e9 en la importancia de fortalecer el sistema inmunol\u00f3gico a trav\u00e9s del consumo regular de frutas y verduras ricas en vitamina C, as\u00ed como legumbres y alimentos de alto valor nutricional que ayudan a prevenir enfermedades respiratorias y mejorar las defensas del organismo.<\/p>\n<p>El secretario de Salud, C\u00e9sar Scabuzzo, expres\u00f3: \u201cEl rol de la alimentaci\u00f3n es clave para enfrentar los cambios de estaci\u00f3n. Promover h\u00e1bitos saludables es una de las herramientas m\u00e1s poderosas con las que contamos para cuidar la salud de nuestra comunidad.\u201d<\/p>\n<p>Esta iniciativa se enmarca en las pol\u00edticas de salud p\u00fablica impulsadas por el intendente Roger El\u00edas Nediani, que ponen en el centro a la prevenci\u00f3n, el acompa\u00f1amiento comunitario y la educaci\u00f3n para el bienestar.<\/p>\n","protected":false},"excerpt":{"rendered":"<p>En el encuentro se destac\u00f3 la importancia de fortalecer el sistema inmunol\u00f3gico mediante una alimentaci\u00f3n equilibrada, con especial \u00e9nfasis en el consumo regular de frutas y verduras ricas en vitamina&hellip; <\/p>\n","protected":false},"author":1,"featured_media":58195,"comment_status":"closed","ping_status":"closed","sticky":false,"template":"","format":"standard","meta":{"footnotes":""},"categories":[9],"tags":[],"class_list":["post-58194","post","type-post","status-publish","format-standard","has-post-thumbnail","hentry","category-la-banda"],"_links":{"self":[{"href":"http:\/\/elurbanoweb.com.ar\/diario\/wp-json\/wp\/v2\/posts\/58194","targetHints":{"allow":["GET"]}}],"collection":[{"href":"http:\/\/elurbanoweb.com.ar\/diario\/wp-json\/wp\/v2\/posts"}],"about":[{"href":"http:\/\/elurbanoweb.com.ar\/diario\/wp-json\/wp\/v2\/types\/post"}],"author":[{"embeddable":true,"href":"http:\/\/elurbanoweb.com.ar\/diario\/wp-json\/wp\/v2\/users\/1"}],"replies":[{"embeddable":true,"href":"http:\/\/elurbanoweb.com.ar\/diario\/wp-json\/wp\/v2\/comments?post=58194"}],"version-history":[{"count":1,"href":"http:\/\/elurbanoweb.com.ar\/diario\/wp-json\/wp\/v2\/posts\/58194\/revisions"}],"predecessor-version":[{"id":58196,"href":"http:\/\/elurbanoweb.com.ar\/diario\/wp-json\/wp\/v2\/posts\/58194\/revisions\/58196"}],"wp:featuredmedia":[{"embeddable":true,"href":"http:\/\/elurbanoweb.com.ar\/diario\/wp-json\/wp\/v2\/media\/58195"}],"wp:attachment":[{"href":"http:\/\/elurbanoweb.com.ar\/diario\/wp-json\/wp\/v2\/media?parent=58194"}],"wp:term":[{"taxonomy":"category","embeddable":true,"href":"http:\/\/elurbanoweb.com.ar\/diario\/wp-json\/wp\/v2\/categories?post=58194"},{"taxonomy":"post_tag","embeddable":true,"href":"http:\/\/elurbanoweb.com.ar\/diario\/wp-json\/wp\/v2\/tags?post=58194"}],"curies":[{"name":"wp","href":"https:\/\/api.w.org\/{rel}","templated":true}]}}