{"id":58197,"date":"2025-07-19T09:12:31","date_gmt":"2025-07-19T12:12:31","guid":{"rendered":"https:\/\/elurbanoweb.com.ar\/diario\/?p=58197"},"modified":"2025-07-19T09:12:31","modified_gmt":"2025-07-19T12:12:31","slug":"mas-familias-beneficiados-con-viviendas-sociales-en-el-departamento-ibarra","status":"publish","type":"post","link":"http:\/\/elurbanoweb.com.ar\/diario\/mas-familias-beneficiados-con-viviendas-sociales-en-el-departamento-ibarra\/","title":{"rendered":"M\u00e1s familias beneficiados con viviendas sociales en el departamento Ibarra"},"content":{"rendered":"<p>En el marco de su recorrido por Vilelas, el gobernador Gerardo Zamora visit\u00f3 a la familia de Nelli I\u00f1\u00edguez, una de las nueve beneficiadas con las viviendas sociales entregadas oficialmente en esta oportunidad, las que fueron ejecutadas con la colaboraci\u00f3n de la comuna local y de la Asociaci\u00f3n Civil \u201cPor un Vilelas mejor\u201d.<\/p>\n<p><img loading=\"lazy\" decoding=\"async\" class=\"alignnone wp-image-58198 size-large\" src=\"http:\/\/elurbanoweb.com.ar\/diario\/wp-content\/uploads\/2025\/07\/familias-1024x683.jpg\" alt=\"\" width=\"1024\" height=\"683\" srcset=\"http:\/\/elurbanoweb.com.ar\/diario\/wp-content\/uploads\/2025\/07\/familias-1024x683.jpg 1024w, http:\/\/elurbanoweb.com.ar\/diario\/wp-content\/uploads\/2025\/07\/familias-300x200.jpg 300w, http:\/\/elurbanoweb.com.ar\/diario\/wp-content\/uploads\/2025\/07\/familias-150x100.jpg 150w, http:\/\/elurbanoweb.com.ar\/diario\/wp-content\/uploads\/2025\/07\/familias-1536x1024.jpg 1536w, http:\/\/elurbanoweb.com.ar\/diario\/wp-content\/uploads\/2025\/07\/familias.jpg 1599w\" sizes=\"auto, (max-width: 1024px) 100vw, 1024px\" \/><\/p>\n<p><!--more--><\/p>\n<p>Tras el corte de cintas y la entrega simb\u00f3lica de llaves, el mandatario garantiz\u00f3 la continuidad de este programa habitacional ejecutado con fondos provinciales a trav\u00e9s del Ministerio de Desarrollo Social, con la participaci\u00f3n de comisiones municipales, intendencias y organizaciones no gubernamentales.<\/p>\n<p>En ese sentido, expres\u00f3: \u201cEstamos desarrollando la posibilidad, no solo de contar con un techo digno, sino tambi\u00e9n que el trabajo solidario permite la capacitaci\u00f3n en oficios y se motoriza la econom\u00eda, sobre todo en estos momentos complicados. Por ese motivo estamos manteniendo estas obras y convocamos a todos a seguir colaborando hasta que no quede ninguna familia santiague\u00f1a sin su techo digno\u201d.<\/p>\n","protected":false},"excerpt":{"rendered":"<p>En el marco de su recorrido por Vilelas, el gobernador Gerardo Zamora visit\u00f3 a la familia de Nelli I\u00f1\u00edguez, una de las nueve beneficiadas con las viviendas sociales entregadas oficialmente&hellip; <\/p>\n","protected":false},"author":1,"featured_media":58198,"comment_status":"closed","ping_status":"closed","sticky":false,"template":"","format":"standard","meta":{"footnotes":""},"categories":[2,10],"tags":[],"class_list":["post-58197","post","type-post","status-publish","format-standard","has-post-thumbnail","hentry","category-gobierno","category-interior"],"_links":{"self":[{"href":"http:\/\/elurbanoweb.com.ar\/diario\/wp-json\/wp\/v2\/posts\/58197","targetHints":{"allow":["GET"]}}],"collection":[{"href":"http:\/\/elurbanoweb.com.ar\/diario\/wp-json\/wp\/v2\/posts"}],"about":[{"href":"http:\/\/elurbanoweb.com.ar\/diario\/wp-json\/wp\/v2\/types\/post"}],"author":[{"embeddable":true,"href":"http:\/\/elurbanoweb.com.ar\/diario\/wp-json\/wp\/v2\/users\/1"}],"replies":[{"embeddable":true,"href":"http:\/\/elurbanoweb.com.ar\/diario\/wp-json\/wp\/v2\/comments?post=58197"}],"version-history":[{"count":1,"href":"http:\/\/elurbanoweb.com.ar\/diario\/wp-json\/wp\/v2\/posts\/58197\/revisions"}],"predecessor-version":[{"id":58199,"href":"http:\/\/elurbanoweb.com.ar\/diario\/wp-json\/wp\/v2\/posts\/58197\/revisions\/58199"}],"wp:featuredmedia":[{"embeddable":true,"href":"http:\/\/elurbanoweb.com.ar\/diario\/wp-json\/wp\/v2\/media\/58198"}],"wp:attachment":[{"href":"http:\/\/elurbanoweb.com.ar\/diario\/wp-json\/wp\/v2\/media?parent=58197"}],"wp:term":[{"taxonomy":"category","embeddable":true,"href":"http:\/\/elurbanoweb.com.ar\/diario\/wp-json\/wp\/v2\/categories?post=58197"},{"taxonomy":"post_tag","embeddable":true,"href":"http:\/\/elurbanoweb.com.ar\/diario\/wp-json\/wp\/v2\/tags?post=58197"}],"curies":[{"name":"wp","href":"https:\/\/api.w.org\/{rel}","templated":true}]}}