{"id":58203,"date":"2025-07-19T09:16:19","date_gmt":"2025-07-19T12:16:19","guid":{"rendered":"https:\/\/elurbanoweb.com.ar\/diario\/?p=58203"},"modified":"2025-07-19T09:16:19","modified_gmt":"2025-07-19T12:16:19","slug":"la-intendente-fuentes-participo-de-la-apertura-de-la-muestra-pictorica-de-peteco-carabajal","status":"publish","type":"post","link":"http:\/\/elurbanoweb.com.ar\/diario\/la-intendente-fuentes-participo-de-la-apertura-de-la-muestra-pictorica-de-peteco-carabajal\/","title":{"rendered":"La intendente Fuentes particip\u00f3 de la apertura de la muestra pict\u00f3rica de \u201cPeteco\u201d Carabajal"},"content":{"rendered":"<p>La intendente Ing. Norma Fuentes asisti\u00f3 a la apertura de la muestra de pintura \u201cCanciones al \u00d3leo \u201c de autor\u00eda de \u201cPeteco\u201d Carabajal que se exhibe por primera vez en Santiago del Estero y fue en la Casa Arga\u00f1araz Alcorta donde fue oficialmente presentada por el propio artista.<\/p>\n<p><img loading=\"lazy\" decoding=\"async\" class=\"alignnone wp-image-58204 size-large\" src=\"http:\/\/elurbanoweb.com.ar\/diario\/wp-content\/uploads\/2025\/07\/peteco-1024x614.jpg\" alt=\"\" width=\"1024\" height=\"614\" srcset=\"http:\/\/elurbanoweb.com.ar\/diario\/wp-content\/uploads\/2025\/07\/peteco-1024x614.jpg 1024w, http:\/\/elurbanoweb.com.ar\/diario\/wp-content\/uploads\/2025\/07\/peteco-300x180.jpg 300w, http:\/\/elurbanoweb.com.ar\/diario\/wp-content\/uploads\/2025\/07\/peteco-150x90.jpg 150w, http:\/\/elurbanoweb.com.ar\/diario\/wp-content\/uploads\/2025\/07\/peteco-1536x922.jpg 1536w, http:\/\/elurbanoweb.com.ar\/diario\/wp-content\/uploads\/2025\/07\/peteco.jpg 1600w\" sizes=\"auto, (max-width: 1024px) 100vw, 1024px\" \/><\/p>\n<p><!--more--> La jefa comunal recorri\u00f3 la muestra junto al cantante folcl\u00f3rico y luego le hizo entrega de un presente artesanal, agradeci\u00e9ndole por sumarse con su iniciativa a los festejos de la ciudad.<\/p>\n<p>La apertura se oficializ\u00f3 con las palabras del artista, quien agradeci\u00f3 a la Municipalidad por ceder el espacio para la exhibici\u00f3n qu\u00e9 permanecer\u00e1 abierta hasta el 28 de julio pr\u00f3ximo.<\/p>\n","protected":false},"excerpt":{"rendered":"<p>La intendente Ing. Norma Fuentes asisti\u00f3 a la apertura de la muestra de pintura \u201cCanciones al \u00d3leo \u201c de autor\u00eda de \u201cPeteco\u201d Carabajal que se exhibe por primera vez en&hellip; <\/p>\n","protected":false},"author":1,"featured_media":58204,"comment_status":"closed","ping_status":"closed","sticky":false,"template":"","format":"standard","meta":{"footnotes":""},"categories":[3],"tags":[],"class_list":["post-58203","post","type-post","status-publish","format-standard","has-post-thumbnail","hentry","category-municipio"],"_links":{"self":[{"href":"http:\/\/elurbanoweb.com.ar\/diario\/wp-json\/wp\/v2\/posts\/58203","targetHints":{"allow":["GET"]}}],"collection":[{"href":"http:\/\/elurbanoweb.com.ar\/diario\/wp-json\/wp\/v2\/posts"}],"about":[{"href":"http:\/\/elurbanoweb.com.ar\/diario\/wp-json\/wp\/v2\/types\/post"}],"author":[{"embeddable":true,"href":"http:\/\/elurbanoweb.com.ar\/diario\/wp-json\/wp\/v2\/users\/1"}],"replies":[{"embeddable":true,"href":"http:\/\/elurbanoweb.com.ar\/diario\/wp-json\/wp\/v2\/comments?post=58203"}],"version-history":[{"count":1,"href":"http:\/\/elurbanoweb.com.ar\/diario\/wp-json\/wp\/v2\/posts\/58203\/revisions"}],"predecessor-version":[{"id":58205,"href":"http:\/\/elurbanoweb.com.ar\/diario\/wp-json\/wp\/v2\/posts\/58203\/revisions\/58205"}],"wp:featuredmedia":[{"embeddable":true,"href":"http:\/\/elurbanoweb.com.ar\/diario\/wp-json\/wp\/v2\/media\/58204"}],"wp:attachment":[{"href":"http:\/\/elurbanoweb.com.ar\/diario\/wp-json\/wp\/v2\/media?parent=58203"}],"wp:term":[{"taxonomy":"category","embeddable":true,"href":"http:\/\/elurbanoweb.com.ar\/diario\/wp-json\/wp\/v2\/categories?post=58203"},{"taxonomy":"post_tag","embeddable":true,"href":"http:\/\/elurbanoweb.com.ar\/diario\/wp-json\/wp\/v2\/tags?post=58203"}],"curies":[{"name":"wp","href":"https:\/\/api.w.org\/{rel}","templated":true}]}}