{"id":58206,"date":"2025-07-19T09:18:43","date_gmt":"2025-07-19T12:18:43","guid":{"rendered":"https:\/\/elurbanoweb.com.ar\/diario\/?p=58206"},"modified":"2025-07-19T09:18:43","modified_gmt":"2025-07-19T12:18:43","slug":"la-intendente-acompano-al-gobernador-zamora-en-la-vigilia-por-la-marcha-de-los-bombos","status":"publish","type":"post","link":"http:\/\/elurbanoweb.com.ar\/diario\/la-intendente-acompano-al-gobernador-zamora-en-la-vigilia-por-la-marcha-de-los-bombos\/","title":{"rendered":"La intendente acompa\u00f1\u00f3 al gobernador Zamora en la vigilia por la Marcha de los Bombos"},"content":{"rendered":"<p>La intendente, Ing. Norma Fuentes acompa\u00f1\u00f3 al gobernador, Dr. Gerardo Zamora, en la tradicional vigilia del Patio del Indio Froil\u00e1n, donde hizo entrega al reconocido luthier de una plaqueta en reconocimiento por su aporte a la cultura como creador e impulsor junto a Tere Castronuovo de la Marcha de los Bombos.<\/p>\n<p><img loading=\"lazy\" decoding=\"async\" class=\"alignnone wp-image-58207 size-large\" src=\"http:\/\/elurbanoweb.com.ar\/diario\/wp-content\/uploads\/2025\/07\/vigilia1-1024x683.jpg\" alt=\"\" width=\"1024\" height=\"683\" srcset=\"http:\/\/elurbanoweb.com.ar\/diario\/wp-content\/uploads\/2025\/07\/vigilia1-1024x683.jpg 1024w, http:\/\/elurbanoweb.com.ar\/diario\/wp-content\/uploads\/2025\/07\/vigilia1-300x200.jpg 300w, http:\/\/elurbanoweb.com.ar\/diario\/wp-content\/uploads\/2025\/07\/vigilia1-150x100.jpg 150w, http:\/\/elurbanoweb.com.ar\/diario\/wp-content\/uploads\/2025\/07\/vigilia1-1536x1025.jpg 1536w, http:\/\/elurbanoweb.com.ar\/diario\/wp-content\/uploads\/2025\/07\/vigilia1.jpg 2048w\" sizes=\"auto, (max-width: 1024px) 100vw, 1024px\" \/><\/p>\n<p><!--more--> La jefa comunal estuvo junto al vicegobernador, Carlos Silva Neder, al del jefe de Gabinete, El\u00edas Su\u00e1rez, entre otros funcionarios.<\/p>\n<p>En el patio fueron recibidos por Froil\u00e1n Gonz\u00e1lez y Castronuovo, y por gran cantidad de vecinos y turistas que llenaron el espacio.<\/p>\n","protected":false},"excerpt":{"rendered":"<p>La intendente, Ing. Norma Fuentes acompa\u00f1\u00f3 al gobernador, Dr. Gerardo Zamora, en la tradicional vigilia del Patio del Indio Froil\u00e1n, donde hizo entrega al reconocido luthier de una plaqueta en&hellip; <\/p>\n","protected":false},"author":1,"featured_media":58207,"comment_status":"closed","ping_status":"closed","sticky":false,"template":"","format":"standard","meta":{"footnotes":""},"categories":[3],"tags":[],"class_list":["post-58206","post","type-post","status-publish","format-standard","has-post-thumbnail","hentry","category-municipio"],"_links":{"self":[{"href":"http:\/\/elurbanoweb.com.ar\/diario\/wp-json\/wp\/v2\/posts\/58206","targetHints":{"allow":["GET"]}}],"collection":[{"href":"http:\/\/elurbanoweb.com.ar\/diario\/wp-json\/wp\/v2\/posts"}],"about":[{"href":"http:\/\/elurbanoweb.com.ar\/diario\/wp-json\/wp\/v2\/types\/post"}],"author":[{"embeddable":true,"href":"http:\/\/elurbanoweb.com.ar\/diario\/wp-json\/wp\/v2\/users\/1"}],"replies":[{"embeddable":true,"href":"http:\/\/elurbanoweb.com.ar\/diario\/wp-json\/wp\/v2\/comments?post=58206"}],"version-history":[{"count":1,"href":"http:\/\/elurbanoweb.com.ar\/diario\/wp-json\/wp\/v2\/posts\/58206\/revisions"}],"predecessor-version":[{"id":58208,"href":"http:\/\/elurbanoweb.com.ar\/diario\/wp-json\/wp\/v2\/posts\/58206\/revisions\/58208"}],"wp:featuredmedia":[{"embeddable":true,"href":"http:\/\/elurbanoweb.com.ar\/diario\/wp-json\/wp\/v2\/media\/58207"}],"wp:attachment":[{"href":"http:\/\/elurbanoweb.com.ar\/diario\/wp-json\/wp\/v2\/media?parent=58206"}],"wp:term":[{"taxonomy":"category","embeddable":true,"href":"http:\/\/elurbanoweb.com.ar\/diario\/wp-json\/wp\/v2\/categories?post=58206"},{"taxonomy":"post_tag","embeddable":true,"href":"http:\/\/elurbanoweb.com.ar\/diario\/wp-json\/wp\/v2\/tags?post=58206"}],"curies":[{"name":"wp","href":"https:\/\/api.w.org\/{rel}","templated":true}]}}