{"id":58237,"date":"2025-07-20T19:15:55","date_gmt":"2025-07-20T22:15:55","guid":{"rendered":"https:\/\/elurbanoweb.com.ar\/diario\/?p=58237"},"modified":"2025-07-20T19:15:55","modified_gmt":"2025-07-20T22:15:55","slug":"la-intendente-fuentes-estuvo-presente-en-el-evento-santiago-querido-organizado-por-el-cyacc","status":"publish","type":"post","link":"http:\/\/elurbanoweb.com.ar\/diario\/la-intendente-fuentes-estuvo-presente-en-el-evento-santiago-querido-organizado-por-el-cyacc\/","title":{"rendered":"La intendente Fuentes estuvo presente en el evento \u201cSantiago querido\u201d organizado por el CyACC"},"content":{"rendered":"<p>La intendente, Ing. Norma Fuentes, particip\u00f3 como invitada del evento musical \u201cSantiago querido\u201d, organizado por la Fundaci\u00f3n Conciencia y Acci\u00f3n Ciudadana que encabeza el CPN Atilio Chara y que se realiz\u00f3 en un colmado sal\u00f3n auditorio del Centro Cultural del Bicentenario en el marco del aniversario de la ciudad.<\/p>\n<p><img loading=\"lazy\" decoding=\"async\" class=\"alignnone wp-image-58238 size-large\" src=\"http:\/\/elurbanoweb.com.ar\/diario\/wp-content\/uploads\/2025\/07\/evento1-1024x683.jpg\" alt=\"\" width=\"1024\" height=\"683\" srcset=\"http:\/\/elurbanoweb.com.ar\/diario\/wp-content\/uploads\/2025\/07\/evento1-1024x683.jpg 1024w, http:\/\/elurbanoweb.com.ar\/diario\/wp-content\/uploads\/2025\/07\/evento1-300x200.jpg 300w, http:\/\/elurbanoweb.com.ar\/diario\/wp-content\/uploads\/2025\/07\/evento1-150x100.jpg 150w, http:\/\/elurbanoweb.com.ar\/diario\/wp-content\/uploads\/2025\/07\/evento1-1536x1024.jpg 1536w, http:\/\/elurbanoweb.com.ar\/diario\/wp-content\/uploads\/2025\/07\/evento1.jpg 1600w\" sizes=\"auto, (max-width: 1024px) 100vw, 1024px\" \/><\/p>\n<p><!--more--> El espect\u00e1culo tuvo a figuras destacadas de la m\u00fasica santiague\u00f1a como \u201cPeteco\u201d Carabajal, Marcelo Toledo y Pedro Silva en el escenario. Y la participaci\u00f3n de una academia de danzas local.<\/p>\n","protected":false},"excerpt":{"rendered":"<p>La intendente, Ing. Norma Fuentes, particip\u00f3 como invitada del evento musical \u201cSantiago querido\u201d, organizado por la Fundaci\u00f3n Conciencia y Acci\u00f3n Ciudadana que encabeza el CPN Atilio Chara y que se&hellip; <\/p>\n","protected":false},"author":1,"featured_media":58238,"comment_status":"closed","ping_status":"closed","sticky":false,"template":"","format":"standard","meta":{"footnotes":""},"categories":[3],"tags":[],"class_list":["post-58237","post","type-post","status-publish","format-standard","has-post-thumbnail","hentry","category-municipio"],"_links":{"self":[{"href":"http:\/\/elurbanoweb.com.ar\/diario\/wp-json\/wp\/v2\/posts\/58237","targetHints":{"allow":["GET"]}}],"collection":[{"href":"http:\/\/elurbanoweb.com.ar\/diario\/wp-json\/wp\/v2\/posts"}],"about":[{"href":"http:\/\/elurbanoweb.com.ar\/diario\/wp-json\/wp\/v2\/types\/post"}],"author":[{"embeddable":true,"href":"http:\/\/elurbanoweb.com.ar\/diario\/wp-json\/wp\/v2\/users\/1"}],"replies":[{"embeddable":true,"href":"http:\/\/elurbanoweb.com.ar\/diario\/wp-json\/wp\/v2\/comments?post=58237"}],"version-history":[{"count":1,"href":"http:\/\/elurbanoweb.com.ar\/diario\/wp-json\/wp\/v2\/posts\/58237\/revisions"}],"predecessor-version":[{"id":58239,"href":"http:\/\/elurbanoweb.com.ar\/diario\/wp-json\/wp\/v2\/posts\/58237\/revisions\/58239"}],"wp:featuredmedia":[{"embeddable":true,"href":"http:\/\/elurbanoweb.com.ar\/diario\/wp-json\/wp\/v2\/media\/58238"}],"wp:attachment":[{"href":"http:\/\/elurbanoweb.com.ar\/diario\/wp-json\/wp\/v2\/media?parent=58237"}],"wp:term":[{"taxonomy":"category","embeddable":true,"href":"http:\/\/elurbanoweb.com.ar\/diario\/wp-json\/wp\/v2\/categories?post=58237"},{"taxonomy":"post_tag","embeddable":true,"href":"http:\/\/elurbanoweb.com.ar\/diario\/wp-json\/wp\/v2\/tags?post=58237"}],"curies":[{"name":"wp","href":"https:\/\/api.w.org\/{rel}","templated":true}]}}