{"id":58240,"date":"2025-07-20T19:17:42","date_gmt":"2025-07-20T22:17:42","guid":{"rendered":"https:\/\/elurbanoweb.com.ar\/diario\/?p=58240"},"modified":"2025-07-20T19:17:42","modified_gmt":"2025-07-20T22:17:42","slug":"continuan-las-jornadas-de-inmunizacion-en-instituciones-educativas-bandenas","status":"publish","type":"post","link":"http:\/\/elurbanoweb.com.ar\/diario\/continuan-las-jornadas-de-inmunizacion-en-instituciones-educativas-bandenas\/","title":{"rendered":"Contin\u00faan las jornadas de inmunizaci\u00f3n en instituciones educativas bande\u00f1as"},"content":{"rendered":"<p>La Municipalidad de La Banda, a trav\u00e9s de la Secretar\u00eda de Salud, llev\u00f3 adelante un nuevo operativo de inmunizaci\u00f3n en el Jard\u00edn de Infantes N\u00b02 \u201cRayito de Sol\u201d, ubicado en la zona de influencia de la sala Villa Elena.<\/p>\n<p><img loading=\"lazy\" decoding=\"async\" class=\"alignnone wp-image-58241 size-full\" src=\"http:\/\/elurbanoweb.com.ar\/diario\/wp-content\/uploads\/2025\/07\/educativas.jpg\" alt=\"\" width=\"1010\" height=\"567\" srcset=\"http:\/\/elurbanoweb.com.ar\/diario\/wp-content\/uploads\/2025\/07\/educativas.jpg 1010w, http:\/\/elurbanoweb.com.ar\/diario\/wp-content\/uploads\/2025\/07\/educativas-300x168.jpg 300w, http:\/\/elurbanoweb.com.ar\/diario\/wp-content\/uploads\/2025\/07\/educativas-150x84.jpg 150w\" sizes=\"auto, (max-width: 1010px) 100vw, 1010px\" \/><\/p>\n<p><!--more--><\/p>\n<p>Durante la jornada, el personal de salud realiz\u00f3 la aplicaci\u00f3n de vacunas antigripal, neumoc\u00f3cica y hepatitis B, destinadas tanto a docentes como a los ni\u00f1os y ni\u00f1as que asisten a la instituci\u00f3n. Asimismo, se completaron esquemas correspondientes al ingreso escolar y se realizaron controles cl\u00ednicos generales para garantizar un seguimiento integral del estado de salud de los menores.<\/p>\n<p>El secretario de Salud, C\u00e9sar Scabuzzo, remarc\u00f3: \u201cEstos operativos reafirman nuestro compromiso con la prevenci\u00f3n y el acceso a la salud en las primeras etapas de la vida. Es fundamental llegar a las escuelas y jardines para cuidar a nuestros ni\u00f1os y brindar acompa\u00f1amiento a la comunidad educativa.\u201d<\/p>\n<p>Estas acciones forman parte de la pol\u00edtica sanitaria impulsada por el intendente Roger El\u00edas Nediani, quien promueve una gesti\u00f3n de cercan\u00eda, centrada en la salud preventiva y en el fortalecimiento de los servicios territoriales.<\/p>\n","protected":false},"excerpt":{"rendered":"<p>La Municipalidad de La Banda, a trav\u00e9s de la Secretar\u00eda de Salud, llev\u00f3 adelante un nuevo operativo de inmunizaci\u00f3n en el Jard\u00edn de Infantes N\u00b02 \u201cRayito de Sol\u201d, ubicado en&hellip; <\/p>\n","protected":false},"author":1,"featured_media":58241,"comment_status":"closed","ping_status":"closed","sticky":false,"template":"","format":"standard","meta":{"footnotes":""},"categories":[9],"tags":[],"class_list":["post-58240","post","type-post","status-publish","format-standard","has-post-thumbnail","hentry","category-la-banda"],"_links":{"self":[{"href":"http:\/\/elurbanoweb.com.ar\/diario\/wp-json\/wp\/v2\/posts\/58240","targetHints":{"allow":["GET"]}}],"collection":[{"href":"http:\/\/elurbanoweb.com.ar\/diario\/wp-json\/wp\/v2\/posts"}],"about":[{"href":"http:\/\/elurbanoweb.com.ar\/diario\/wp-json\/wp\/v2\/types\/post"}],"author":[{"embeddable":true,"href":"http:\/\/elurbanoweb.com.ar\/diario\/wp-json\/wp\/v2\/users\/1"}],"replies":[{"embeddable":true,"href":"http:\/\/elurbanoweb.com.ar\/diario\/wp-json\/wp\/v2\/comments?post=58240"}],"version-history":[{"count":1,"href":"http:\/\/elurbanoweb.com.ar\/diario\/wp-json\/wp\/v2\/posts\/58240\/revisions"}],"predecessor-version":[{"id":58242,"href":"http:\/\/elurbanoweb.com.ar\/diario\/wp-json\/wp\/v2\/posts\/58240\/revisions\/58242"}],"wp:featuredmedia":[{"embeddable":true,"href":"http:\/\/elurbanoweb.com.ar\/diario\/wp-json\/wp\/v2\/media\/58241"}],"wp:attachment":[{"href":"http:\/\/elurbanoweb.com.ar\/diario\/wp-json\/wp\/v2\/media?parent=58240"}],"wp:term":[{"taxonomy":"category","embeddable":true,"href":"http:\/\/elurbanoweb.com.ar\/diario\/wp-json\/wp\/v2\/categories?post=58240"},{"taxonomy":"post_tag","embeddable":true,"href":"http:\/\/elurbanoweb.com.ar\/diario\/wp-json\/wp\/v2\/tags?post=58240"}],"curies":[{"name":"wp","href":"https:\/\/api.w.org\/{rel}","templated":true}]}}