{"id":58243,"date":"2025-07-20T19:19:32","date_gmt":"2025-07-20T22:19:32","guid":{"rendered":"https:\/\/elurbanoweb.com.ar\/diario\/?p=58243"},"modified":"2025-07-20T19:19:32","modified_gmt":"2025-07-20T22:19:32","slug":"se-realizo-con-exito-el-encuentro-tarde-inclusiva-en-la-plaza-belgrano","status":"publish","type":"post","link":"http:\/\/elurbanoweb.com.ar\/diario\/se-realizo-con-exito-el-encuentro-tarde-inclusiva-en-la-plaza-belgrano\/","title":{"rendered":"Se realiz\u00f3 con \u00e9xito el encuentro \u201cTarde inclusiva\u201d en la plaza Belgrano"},"content":{"rendered":"<p>Organizada por la Direcci\u00f3n de Discapacidad en La Banda reuni\u00f3 a la comunidad para promover la participaci\u00f3n laboral y social de las personas con discapacidad, ofreciendo una feria de emprendedores, clases de ritmos y actividades recreativas para toda la familia.<\/p>\n<p><img loading=\"lazy\" decoding=\"async\" class=\"alignnone wp-image-58244 size-full\" src=\"http:\/\/elurbanoweb.com.ar\/diario\/wp-content\/uploads\/2025\/07\/lindas.jpg\" alt=\"\" width=\"1010\" height=\"567\" srcset=\"http:\/\/elurbanoweb.com.ar\/diario\/wp-content\/uploads\/2025\/07\/lindas.jpg 1010w, http:\/\/elurbanoweb.com.ar\/diario\/wp-content\/uploads\/2025\/07\/lindas-300x168.jpg 300w, http:\/\/elurbanoweb.com.ar\/diario\/wp-content\/uploads\/2025\/07\/lindas-150x84.jpg 150w\" sizes=\"auto, (max-width: 1010px) 100vw, 1010px\" \/><\/p>\n<p><!--more--><\/p>\n<p>La Direcci\u00f3n de Discapacidad de la municipalidad de La Banda, realiz\u00f3 un encuentro en la plaza Manuel Belgrano denominado \u201cTarde inclusiva\u201d, que cont\u00f3 con una feria de emprendedores, clases de ritmos, sorteos de importantes premios y la presentaci\u00f3n especial de la Academia \u201cSlime Dance\u201d, a cargo de las profesoras Luciana del Valle Nieva y Silvina Nieva<\/p>\n<p>Desde el \u00e1rea dependiente de la Secretar\u00eda de Coordinaci\u00f3n y Desarrollo Territorial explicaron que el objetivo de esta propuesta fue brindar un espacio y promover la inclusi\u00f3n de la vida laboral de las personas con discapacidad.<\/p>\n<p>La directora de Discapacidad, Lic. Alejandra Nallar, inform\u00f3: \u201cLa actividad del d\u00eda de hoy ha sido pensada para fomentar la inclusi\u00f3n de la vida laboral de las personas con discapacidad.<\/p>\n<p>La gesti\u00f3n del intendente Roger Nediani a trav\u00e9s de la Direcci\u00f3n de Discapacidad ha organizado una feria de emprendedores y clases gratuitas de ritmos para invitar a la gente a participar aprovechando esta \u00e9poca tan especial, no solo por el comienzo de las vacaciones invernales sino tambi\u00e9n porque estamos a horas de festejar el D\u00eda del Amigo.<\/p>\n<p>Por lo tanto, invitamos a todas las familias bande\u00f1as a acompa\u00f1arnos en esta actividad, donde tuvieron la oportunidad de apreciar y adquirir diferentes productos que en la mayor\u00eda de los casos son elaborados por los propios emprendedores.<\/p>\n<p>Este a\u00f1o hicimos mucho hincapi\u00e9 en lograr tener una mayor variedad y cantidad de productos para que el p\u00fablico pueda acceder a los mismos de manera directa y sin intermediarios. Por lo tanto, estamos muy contentos por haber logrado esto.<\/p>\n<p>En todas las actividades que se organizan desde el municipio y gracias a la gesti\u00f3n del intendente Roger Nediani, lo que buscamos siempre es fomentar la participaci\u00f3n y que as\u00ed como todas las personas se involucran en distintas tem\u00e1ticas tambi\u00e9n la comunidad con discapacidad pueda ser parte de estos eventos y que tome protagonismo de alguna manera\u201d.<\/p>\n<p>Finalmente, cabe destacar que la Direcci\u00f3n de Discapacidad de la municipalidad de La Banda est\u00e1 situada en la calle Alberdi N\u00b0123 y atiende al p\u00fablico de lunes a viernes de 7 a 13.<\/p>\n<p>Y por las tardes, se realizan actividades de programas que est\u00e1n destinados a la comunidad con discapacidad que incluye a ni\u00f1os, j\u00f3venes, adultos y familiares.<\/p>\n","protected":false},"excerpt":{"rendered":"<p>Organizada por la Direcci\u00f3n de Discapacidad en La Banda reuni\u00f3 a la comunidad para promover la participaci\u00f3n laboral y social de las personas con discapacidad, ofreciendo una feria de emprendedores,&hellip; <\/p>\n","protected":false},"author":1,"featured_media":58244,"comment_status":"closed","ping_status":"closed","sticky":false,"template":"","format":"standard","meta":{"footnotes":""},"categories":[9],"tags":[],"class_list":["post-58243","post","type-post","status-publish","format-standard","has-post-thumbnail","hentry","category-la-banda"],"_links":{"self":[{"href":"http:\/\/elurbanoweb.com.ar\/diario\/wp-json\/wp\/v2\/posts\/58243","targetHints":{"allow":["GET"]}}],"collection":[{"href":"http:\/\/elurbanoweb.com.ar\/diario\/wp-json\/wp\/v2\/posts"}],"about":[{"href":"http:\/\/elurbanoweb.com.ar\/diario\/wp-json\/wp\/v2\/types\/post"}],"author":[{"embeddable":true,"href":"http:\/\/elurbanoweb.com.ar\/diario\/wp-json\/wp\/v2\/users\/1"}],"replies":[{"embeddable":true,"href":"http:\/\/elurbanoweb.com.ar\/diario\/wp-json\/wp\/v2\/comments?post=58243"}],"version-history":[{"count":1,"href":"http:\/\/elurbanoweb.com.ar\/diario\/wp-json\/wp\/v2\/posts\/58243\/revisions"}],"predecessor-version":[{"id":58245,"href":"http:\/\/elurbanoweb.com.ar\/diario\/wp-json\/wp\/v2\/posts\/58243\/revisions\/58245"}],"wp:featuredmedia":[{"embeddable":true,"href":"http:\/\/elurbanoweb.com.ar\/diario\/wp-json\/wp\/v2\/media\/58244"}],"wp:attachment":[{"href":"http:\/\/elurbanoweb.com.ar\/diario\/wp-json\/wp\/v2\/media?parent=58243"}],"wp:term":[{"taxonomy":"category","embeddable":true,"href":"http:\/\/elurbanoweb.com.ar\/diario\/wp-json\/wp\/v2\/categories?post=58243"},{"taxonomy":"post_tag","embeddable":true,"href":"http:\/\/elurbanoweb.com.ar\/diario\/wp-json\/wp\/v2\/tags?post=58243"}],"curies":[{"name":"wp","href":"https:\/\/api.w.org\/{rel}","templated":true}]}}