{"id":58299,"date":"2025-07-22T10:58:23","date_gmt":"2025-07-22T13:58:23","guid":{"rendered":"https:\/\/elurbanoweb.com.ar\/diario\/?p=58299"},"modified":"2025-07-22T10:58:34","modified_gmt":"2025-07-22T13:58:34","slug":"el-gobernador-gerardo-zamora-recibio-a-la-vicepresidenta-victoria-villarruel-en-casa-de-gobierno","status":"publish","type":"post","link":"http:\/\/elurbanoweb.com.ar\/diario\/el-gobernador-gerardo-zamora-recibio-a-la-vicepresidenta-victoria-villarruel-en-casa-de-gobierno\/","title":{"rendered":"El Gobernador Zamora recibi\u00f3 a la vicepresidenta Victoria Villarruel en Casa de Gobierno"},"content":{"rendered":"<p>En el marco de su regreso a la Ciudad Aut\u00f3noma de Buenos Aires, y luego de su paso por la provincia de Catamarca, la vicepresidente de la Naci\u00f3n, Victoria Villarruel, realiz\u00f3 una visita protocolar a Casa de Gobierno.<\/p>\n<p><img loading=\"lazy\" decoding=\"async\" class=\"alignnone wp-image-58300 size-large\" src=\"http:\/\/elurbanoweb.com.ar\/diario\/wp-content\/uploads\/2025\/07\/linda2-1024x682.jpg\" alt=\"\" width=\"1024\" height=\"682\" srcset=\"http:\/\/elurbanoweb.com.ar\/diario\/wp-content\/uploads\/2025\/07\/linda2-1024x682.jpg 1024w, http:\/\/elurbanoweb.com.ar\/diario\/wp-content\/uploads\/2025\/07\/linda2-300x200.jpg 300w, http:\/\/elurbanoweb.com.ar\/diario\/wp-content\/uploads\/2025\/07\/linda2-150x100.jpg 150w, http:\/\/elurbanoweb.com.ar\/diario\/wp-content\/uploads\/2025\/07\/linda2-1536x1023.jpg 1536w, http:\/\/elurbanoweb.com.ar\/diario\/wp-content\/uploads\/2025\/07\/linda2.jpg 1600w\" sizes=\"auto, (max-width: 1024px) 100vw, 1024px\" \/><\/p>\n<p><!--more--><\/p>\n<p>Fue recibida por el gobernador Gerardo Zamora, con quien mantuvo un encuentro institucional.<\/p>\n<p>Acompa\u00f1aron esta visita senadores nacionales, el vicegobernador, Carlos Silva Neder; el jefe de gabinete, El\u00edas Su\u00e1rez y ministros del Poder Ejecutivo provincial y la intendente de la ciudad Capital, Norma Fuentes.<\/p>\n","protected":false},"excerpt":{"rendered":"<p>En el marco de su regreso a la Ciudad Aut\u00f3noma de Buenos Aires, y luego de su paso por la provincia de Catamarca, la vicepresidente de la Naci\u00f3n, Victoria Villarruel,&hellip; <\/p>\n","protected":false},"author":1,"featured_media":58300,"comment_status":"closed","ping_status":"closed","sticky":false,"template":"","format":"standard","meta":{"footnotes":""},"categories":[2],"tags":[],"class_list":["post-58299","post","type-post","status-publish","format-standard","has-post-thumbnail","hentry","category-gobierno"],"_links":{"self":[{"href":"http:\/\/elurbanoweb.com.ar\/diario\/wp-json\/wp\/v2\/posts\/58299","targetHints":{"allow":["GET"]}}],"collection":[{"href":"http:\/\/elurbanoweb.com.ar\/diario\/wp-json\/wp\/v2\/posts"}],"about":[{"href":"http:\/\/elurbanoweb.com.ar\/diario\/wp-json\/wp\/v2\/types\/post"}],"author":[{"embeddable":true,"href":"http:\/\/elurbanoweb.com.ar\/diario\/wp-json\/wp\/v2\/users\/1"}],"replies":[{"embeddable":true,"href":"http:\/\/elurbanoweb.com.ar\/diario\/wp-json\/wp\/v2\/comments?post=58299"}],"version-history":[{"count":2,"href":"http:\/\/elurbanoweb.com.ar\/diario\/wp-json\/wp\/v2\/posts\/58299\/revisions"}],"predecessor-version":[{"id":58302,"href":"http:\/\/elurbanoweb.com.ar\/diario\/wp-json\/wp\/v2\/posts\/58299\/revisions\/58302"}],"wp:featuredmedia":[{"embeddable":true,"href":"http:\/\/elurbanoweb.com.ar\/diario\/wp-json\/wp\/v2\/media\/58300"}],"wp:attachment":[{"href":"http:\/\/elurbanoweb.com.ar\/diario\/wp-json\/wp\/v2\/media?parent=58299"}],"wp:term":[{"taxonomy":"category","embeddable":true,"href":"http:\/\/elurbanoweb.com.ar\/diario\/wp-json\/wp\/v2\/categories?post=58299"},{"taxonomy":"post_tag","embeddable":true,"href":"http:\/\/elurbanoweb.com.ar\/diario\/wp-json\/wp\/v2\/tags?post=58299"}],"curies":[{"name":"wp","href":"https:\/\/api.w.org\/{rel}","templated":true}]}}