{"id":58791,"date":"2025-08-06T09:39:32","date_gmt":"2025-08-06T12:39:32","guid":{"rendered":"https:\/\/elurbanoweb.com.ar\/diario\/?p=58791"},"modified":"2025-08-06T09:39:32","modified_gmt":"2025-08-06T12:39:32","slug":"se-dictara-un-taller-sobre-tratamientos-capilares-termo-activos-en-la-casa-del-bicentenario","status":"publish","type":"post","link":"http:\/\/elurbanoweb.com.ar\/diario\/se-dictara-un-taller-sobre-tratamientos-capilares-termo-activos-en-la-casa-del-bicentenario\/","title":{"rendered":"Se dictar\u00e1 un taller sobre tratamientos capilares termo activos en la Casa del Bicentenario"},"content":{"rendered":"<p>Con el acompa\u00f1amiento de la Municipalidad de La Banda se llevar\u00e1 a cabo en las instalaciones de la Casa del Bicentenario un \u201cTaller te\u00f3rico-pr\u00e1ctico de tratamientos capilares termo activos\u201d.<\/p>\n<p><img loading=\"lazy\" decoding=\"async\" class=\"alignnone wp-image-58792 size-full\" src=\"http:\/\/elurbanoweb.com.ar\/diario\/wp-content\/uploads\/2025\/08\/capilar.jpg\" alt=\"\" width=\"1010\" height=\"567\" srcset=\"http:\/\/elurbanoweb.com.ar\/diario\/wp-content\/uploads\/2025\/08\/capilar.jpg 1010w, http:\/\/elurbanoweb.com.ar\/diario\/wp-content\/uploads\/2025\/08\/capilar-300x168.jpg 300w, http:\/\/elurbanoweb.com.ar\/diario\/wp-content\/uploads\/2025\/08\/capilar-150x84.jpg 150w\" sizes=\"auto, (max-width: 1010px) 100vw, 1010px\" \/><\/p>\n<p><!--more--><\/p>\n<p>Dicha capacitaci\u00f3n est\u00e1 destinada a p\u00fablico en general, quienes deseen iniciar sus emprendimientos o ampliar los servicios que ya ofrecen en sus peluquer\u00edas.<\/p>\n<p>En la oportunidad, se brindar\u00e1n conocimientos sobre: nutrici\u00f3n, hidrataci\u00f3n, reconstrucci\u00f3n, cuidados del cabello y t\u00e9cnicas de marketing.<\/p>\n<p>El taller inicia el s\u00e1bado 9 de 10 a 12 en las instalaciones de la Casa del Bicentenario sita en Av. Besares y Garay.<\/p>\n<p>Los interesados en participar pueden solicitar m\u00e1s informaci\u00f3n o inscribirse por WhatsApp al 3856225258.<\/p>\n","protected":false},"excerpt":{"rendered":"<p>Con el acompa\u00f1amiento de la Municipalidad de La Banda se llevar\u00e1 a cabo en las instalaciones de la Casa del Bicentenario un \u201cTaller te\u00f3rico-pr\u00e1ctico de tratamientos capilares termo activos\u201d.<\/p>\n","protected":false},"author":1,"featured_media":58792,"comment_status":"closed","ping_status":"closed","sticky":false,"template":"","format":"standard","meta":{"footnotes":""},"categories":[9],"tags":[],"class_list":["post-58791","post","type-post","status-publish","format-standard","has-post-thumbnail","hentry","category-la-banda"],"_links":{"self":[{"href":"http:\/\/elurbanoweb.com.ar\/diario\/wp-json\/wp\/v2\/posts\/58791","targetHints":{"allow":["GET"]}}],"collection":[{"href":"http:\/\/elurbanoweb.com.ar\/diario\/wp-json\/wp\/v2\/posts"}],"about":[{"href":"http:\/\/elurbanoweb.com.ar\/diario\/wp-json\/wp\/v2\/types\/post"}],"author":[{"embeddable":true,"href":"http:\/\/elurbanoweb.com.ar\/diario\/wp-json\/wp\/v2\/users\/1"}],"replies":[{"embeddable":true,"href":"http:\/\/elurbanoweb.com.ar\/diario\/wp-json\/wp\/v2\/comments?post=58791"}],"version-history":[{"count":1,"href":"http:\/\/elurbanoweb.com.ar\/diario\/wp-json\/wp\/v2\/posts\/58791\/revisions"}],"predecessor-version":[{"id":58793,"href":"http:\/\/elurbanoweb.com.ar\/diario\/wp-json\/wp\/v2\/posts\/58791\/revisions\/58793"}],"wp:featuredmedia":[{"embeddable":true,"href":"http:\/\/elurbanoweb.com.ar\/diario\/wp-json\/wp\/v2\/media\/58792"}],"wp:attachment":[{"href":"http:\/\/elurbanoweb.com.ar\/diario\/wp-json\/wp\/v2\/media?parent=58791"}],"wp:term":[{"taxonomy":"category","embeddable":true,"href":"http:\/\/elurbanoweb.com.ar\/diario\/wp-json\/wp\/v2\/categories?post=58791"},{"taxonomy":"post_tag","embeddable":true,"href":"http:\/\/elurbanoweb.com.ar\/diario\/wp-json\/wp\/v2\/tags?post=58791"}],"curies":[{"name":"wp","href":"https:\/\/api.w.org\/{rel}","templated":true}]}}