{"id":58794,"date":"2025-08-06T09:41:13","date_gmt":"2025-08-06T12:41:13","guid":{"rendered":"https:\/\/elurbanoweb.com.ar\/diario\/?p=58794"},"modified":"2025-08-06T09:41:13","modified_gmt":"2025-08-06T12:41:13","slug":"realizaran-una-celebracion-patronal-en-honor-a-san-cayetano-en-el-barrio-centenario","status":"publish","type":"post","link":"http:\/\/elurbanoweb.com.ar\/diario\/realizaran-una-celebracion-patronal-en-honor-a-san-cayetano-en-el-barrio-centenario\/","title":{"rendered":"Realizar\u00e1n una celebraci\u00f3n patronal en honor a San Cayetano en el barrio Centenario"},"content":{"rendered":"<p>Este jueves 7 de agosto, la tradicional fiesta patronal de San Cayetano se celebrar\u00e1 en la capilla ubicada en Avenida Belgrano y esquina Pbro. Gorriti, en el Barrio Centenario, con una intensa jornada que se extender\u00e1 desde las 7:00 hasta las 20:00.<\/p>\n<p><img loading=\"lazy\" decoding=\"async\" class=\"alignnone wp-image-58795 size-full\" src=\"http:\/\/elurbanoweb.com.ar\/diario\/wp-content\/uploads\/2025\/08\/capilla.jpg\" alt=\"\" width=\"1010\" height=\"567\" srcset=\"http:\/\/elurbanoweb.com.ar\/diario\/wp-content\/uploads\/2025\/08\/capilla.jpg 1010w, http:\/\/elurbanoweb.com.ar\/diario\/wp-content\/uploads\/2025\/08\/capilla-300x168.jpg 300w, http:\/\/elurbanoweb.com.ar\/diario\/wp-content\/uploads\/2025\/08\/capilla-150x84.jpg 150w\" sizes=\"auto, (max-width: 1010px) 100vw, 1010px\" \/><\/p>\n<p><!--more--><\/p>\n<p>Desde temprano, los fieles podr\u00e1n participar de diferentes actos religiosos que invitan al encuentro con la fe y la gratitud. La jornada comenzar\u00e1 a las 7:00 con la apertura de la capilla y repique de campanas, seguida por la visita al Santo Patrono, donde se entregar\u00e1n panes y estampas.<\/p>\n<p>A las 8:00 se realizar\u00e1n las plegarias a San Cayetano, mientras que la Santa Misa de Alabanza, presidida por el Padre Panchito, se celebrar\u00e1 a las 10:30. Al mediod\u00eda, los presentes compartir\u00e1n el tradicional Rezo del \u00c1ngelus.<\/p>\n<p>Por la tarde, a las 15:00, se rezar\u00e1n preces al santo del pan y del trabajo, y a las 16:45, la imagen saldr\u00e1 hacia el altar externo entre campanas a j\u00fabilo. Luego, a las 17:00, se celebrar\u00e1 la Santa Misa Central, presidida por el Pbro. Marcelo Trejo.<\/p>\n<p>La imagen de San Cayetano permanecer\u00e1 expuesta externamente desde las 17:30, brindando un espacio para la devoci\u00f3n personal y las s\u00faplicas de los fieles. La jornada culminar\u00e1 con la Bendici\u00f3n Solemne a las 19:30 y el cierre oficial a las 20:00.<\/p>\n<p>La comunidad del Barrio Centenario invita a participar con esp\u00edritu de fe, en una celebraci\u00f3n profundamente arraigada en la tradici\u00f3n y esperanza del pueblo santiague\u00f1o.<\/p>\n","protected":false},"excerpt":{"rendered":"<p>Este jueves 7 de agosto, la tradicional fiesta patronal de San Cayetano se celebrar\u00e1 en la capilla ubicada en Avenida Belgrano y esquina Pbro. Gorriti, en el Barrio Centenario, con&hellip; <\/p>\n","protected":false},"author":1,"featured_media":58795,"comment_status":"closed","ping_status":"closed","sticky":false,"template":"","format":"standard","meta":{"footnotes":""},"categories":[16],"tags":[],"class_list":["post-58794","post","type-post","status-publish","format-standard","has-post-thumbnail","hentry","category-locales"],"_links":{"self":[{"href":"http:\/\/elurbanoweb.com.ar\/diario\/wp-json\/wp\/v2\/posts\/58794","targetHints":{"allow":["GET"]}}],"collection":[{"href":"http:\/\/elurbanoweb.com.ar\/diario\/wp-json\/wp\/v2\/posts"}],"about":[{"href":"http:\/\/elurbanoweb.com.ar\/diario\/wp-json\/wp\/v2\/types\/post"}],"author":[{"embeddable":true,"href":"http:\/\/elurbanoweb.com.ar\/diario\/wp-json\/wp\/v2\/users\/1"}],"replies":[{"embeddable":true,"href":"http:\/\/elurbanoweb.com.ar\/diario\/wp-json\/wp\/v2\/comments?post=58794"}],"version-history":[{"count":1,"href":"http:\/\/elurbanoweb.com.ar\/diario\/wp-json\/wp\/v2\/posts\/58794\/revisions"}],"predecessor-version":[{"id":58796,"href":"http:\/\/elurbanoweb.com.ar\/diario\/wp-json\/wp\/v2\/posts\/58794\/revisions\/58796"}],"wp:featuredmedia":[{"embeddable":true,"href":"http:\/\/elurbanoweb.com.ar\/diario\/wp-json\/wp\/v2\/media\/58795"}],"wp:attachment":[{"href":"http:\/\/elurbanoweb.com.ar\/diario\/wp-json\/wp\/v2\/media?parent=58794"}],"wp:term":[{"taxonomy":"category","embeddable":true,"href":"http:\/\/elurbanoweb.com.ar\/diario\/wp-json\/wp\/v2\/categories?post=58794"},{"taxonomy":"post_tag","embeddable":true,"href":"http:\/\/elurbanoweb.com.ar\/diario\/wp-json\/wp\/v2\/tags?post=58794"}],"curies":[{"name":"wp","href":"https:\/\/api.w.org\/{rel}","templated":true}]}}