{"id":58797,"date":"2025-08-06T09:42:56","date_gmt":"2025-08-06T12:42:56","guid":{"rendered":"https:\/\/elurbanoweb.com.ar\/diario\/?p=58797"},"modified":"2025-08-06T09:43:07","modified_gmt":"2025-08-06T12:43:07","slug":"comenzo-en-el-ccb-la-curaduria-de-moda-para-participar-de-la-feria-puro-diseno-2025","status":"publish","type":"post","link":"http:\/\/elurbanoweb.com.ar\/diario\/comenzo-en-el-ccb-la-curaduria-de-moda-para-participar-de-la-feria-puro-diseno-2025\/","title":{"rendered":"Comenz\u00f3 en el CCB la curadur\u00eda de moda para participar de la Feria Puro Dise\u00f1o 2025"},"content":{"rendered":"<p>La Feria Puro Dise\u00f1o es un evento anual que re\u00fane a dise\u00f1adores y emprendedores de todo el pa\u00eds para mostrar sus creaciones.<\/p>\n<p><img loading=\"lazy\" decoding=\"async\" class=\"alignnone wp-image-58798 size-full\" src=\"http:\/\/elurbanoweb.com.ar\/diario\/wp-content\/uploads\/2025\/08\/curaduria.jpg\" alt=\"\" width=\"1010\" height=\"567\" srcset=\"http:\/\/elurbanoweb.com.ar\/diario\/wp-content\/uploads\/2025\/08\/curaduria.jpg 1010w, http:\/\/elurbanoweb.com.ar\/diario\/wp-content\/uploads\/2025\/08\/curaduria-300x168.jpg 300w, http:\/\/elurbanoweb.com.ar\/diario\/wp-content\/uploads\/2025\/08\/curaduria-150x84.jpg 150w\" sizes=\"auto, (max-width: 1010px) 100vw, 1010px\" \/><\/p>\n<p><!--more--><\/p>\n<p>Este martes por la tarde se llev\u00f3 a cabo en el Centro Cultural del Bicentenario (CCB) un proceso de selecci\u00f3n sobre curadur\u00eda de moda que busca la innovaci\u00f3n y novedad en cada producto, propuestas creativas, su producci\u00f3n y presentaci\u00f3n, la materia prima de origen, t\u00e9cnicas, procesos aplicados y el packaging final .<\/p>\n<p>Participaron el reconocido dise\u00f1ador argentino Benito Fern\u00e1ndez; el director de la Feria Puro Dise\u00f1o, Mat\u00edas Rosado, y la coordinadora del \u00e1rea de Promoci\u00f3n y Eventos de la Casa de Santiago del Estero en Buenos Aires, Paula Ramiro. Participaron 46 dise\u00f1adores y emprendedores santiague\u00f1os de los cuales 18 quedar\u00e1n seleccionados para exponer sus obras en la Feria Puro Dise\u00f1o que se desarrollar\u00e1 los d\u00edas 10, 11 y 12 de octubre en La Rural de la ciudad de Bueno Aires.<\/p>\n<p>En esta oportunidad, Fern\u00e1ndez dijo que ante tan importante evento \u00abla idea es seleccionar lo m\u00e1s representativo, lo que tiene un ADN fuerte y tambi\u00e9n dar recomendaciones en las fortalezas y debilidades, para que puedan crecer y presentarse en la feria que tiene mucha exposici\u00f3n y mucha gente destacada\u00bb.<\/p>\n<p>Por su parte, Rosado destac\u00f3 la presencia de Santiago del Estero en la 25\u00b0 edici\u00f3n de la feria, como una de las provincias con m\u00e1s participaciones.<\/p>\n<p>La Feria Puro Dise\u00f1o es un evento anual que re\u00fane a dise\u00f1adores y emprendedores de todo el pa\u00eds para mostrar sus creaciones.<\/p>\n<p>En este marco se record\u00f3 que en el a\u00f1o 2023 la provincia recibi\u00f3 la distinci\u00f3n como el mejor stand de la feria.<\/p>\n","protected":false},"excerpt":{"rendered":"<p>La Feria Puro Dise\u00f1o es un evento anual que re\u00fane a dise\u00f1adores y emprendedores de todo el pa\u00eds para mostrar sus creaciones.<\/p>\n","protected":false},"author":1,"featured_media":58798,"comment_status":"closed","ping_status":"closed","sticky":false,"template":"","format":"standard","meta":{"footnotes":""},"categories":[16],"tags":[],"class_list":["post-58797","post","type-post","status-publish","format-standard","has-post-thumbnail","hentry","category-locales"],"_links":{"self":[{"href":"http:\/\/elurbanoweb.com.ar\/diario\/wp-json\/wp\/v2\/posts\/58797","targetHints":{"allow":["GET"]}}],"collection":[{"href":"http:\/\/elurbanoweb.com.ar\/diario\/wp-json\/wp\/v2\/posts"}],"about":[{"href":"http:\/\/elurbanoweb.com.ar\/diario\/wp-json\/wp\/v2\/types\/post"}],"author":[{"embeddable":true,"href":"http:\/\/elurbanoweb.com.ar\/diario\/wp-json\/wp\/v2\/users\/1"}],"replies":[{"embeddable":true,"href":"http:\/\/elurbanoweb.com.ar\/diario\/wp-json\/wp\/v2\/comments?post=58797"}],"version-history":[{"count":1,"href":"http:\/\/elurbanoweb.com.ar\/diario\/wp-json\/wp\/v2\/posts\/58797\/revisions"}],"predecessor-version":[{"id":58799,"href":"http:\/\/elurbanoweb.com.ar\/diario\/wp-json\/wp\/v2\/posts\/58797\/revisions\/58799"}],"wp:featuredmedia":[{"embeddable":true,"href":"http:\/\/elurbanoweb.com.ar\/diario\/wp-json\/wp\/v2\/media\/58798"}],"wp:attachment":[{"href":"http:\/\/elurbanoweb.com.ar\/diario\/wp-json\/wp\/v2\/media?parent=58797"}],"wp:term":[{"taxonomy":"category","embeddable":true,"href":"http:\/\/elurbanoweb.com.ar\/diario\/wp-json\/wp\/v2\/categories?post=58797"},{"taxonomy":"post_tag","embeddable":true,"href":"http:\/\/elurbanoweb.com.ar\/diario\/wp-json\/wp\/v2\/tags?post=58797"}],"curies":[{"name":"wp","href":"https:\/\/api.w.org\/{rel}","templated":true}]}}