{"id":58803,"date":"2025-08-06T09:46:49","date_gmt":"2025-08-06T12:46:49","guid":{"rendered":"https:\/\/elurbanoweb.com.ar\/diario\/?p=58803"},"modified":"2025-08-06T09:46:49","modified_gmt":"2025-08-06T12:46:49","slug":"legislatura-provincial-silvia-borlone-asumio-como-diputada-en-reemplazo-del-fallecido-legislador-juan-sequeira","status":"publish","type":"post","link":"http:\/\/elurbanoweb.com.ar\/diario\/legislatura-provincial-silvia-borlone-asumio-como-diputada-en-reemplazo-del-fallecido-legislador-juan-sequeira\/","title":{"rendered":"Legislatura provincial: Silvia Borlone asumi\u00f3 como diputada en reemplazo del fallecido legislador Juan Sequeira"},"content":{"rendered":"<p>Durante una nueva sesi\u00f3n ordinaria encabezada por el vicegobernador Carlos Silva Neder, la C\u00e1mara de Diputados tom\u00f3 juramento a Silvia Borlone, quien ocup\u00f3 la banca vacante tras el fallecimiento del legislador Sequeira. Tambi\u00e9n se rindi\u00f3 homenaje al exdiputado Marcelo Nazar y se aprobaron numerosos proyectos de inter\u00e9s cultural, educativo y social.<\/p>\n<p><img loading=\"lazy\" decoding=\"async\" class=\"alignnone wp-image-58804 size-full\" src=\"http:\/\/elurbanoweb.com.ar\/diario\/wp-content\/uploads\/2025\/08\/silvia1.jpg\" alt=\"\" width=\"1010\" height=\"567\" srcset=\"http:\/\/elurbanoweb.com.ar\/diario\/wp-content\/uploads\/2025\/08\/silvia1.jpg 1010w, http:\/\/elurbanoweb.com.ar\/diario\/wp-content\/uploads\/2025\/08\/silvia1-300x168.jpg 300w, http:\/\/elurbanoweb.com.ar\/diario\/wp-content\/uploads\/2025\/08\/silvia1-150x84.jpg 150w\" sizes=\"auto, (max-width: 1010px) 100vw, 1010px\" \/><\/p>\n<p><!--more--><\/p>\n<p>Durante una nueva sesi\u00f3n ordinaria conducida por el vicegobernador y presidente natural del Poder Legislativo, Dr. Carlos Silva Neder, esta tarde Silvia Antonia Borlone asumi\u00f3 como diputada provincial ante la vacante que dej\u00f3 el fallecimiento de Juan Sequeira en julio pasado.<\/p>\n<p>En primer t\u00e9rmino, la C\u00e1mara de Diputados aprob\u00f3 la renuncia presentada por Borlone al cargo de prosecretaria Legislativa. Luego, el presidente del Bloque Frente Encuentro C\u00edvico, Juan Manuel Beltramino, propuso la incorporaci\u00f3n al Cuerpo de la diputada electa Borlone (segunda suplente en el orden de sucesi\u00f3n) tras lo cual se pas\u00f3 a un cuarto intermedio, d\u00f3nde la Comisi\u00f3n de Acuerdos y Peticiones aprob\u00f3 la incorporaci\u00f3n de Borlone como diputada.<\/p>\n<p>Al reanudar la sesi\u00f3n, el Presidente de la Legislatura, Dr. Silva Neder, tom\u00f3 el juramento de rigor a la parlamentaria entrante.<\/p>\n<p>Minuto de silencio<\/p>\n<p>Previo al trabajo Legislativo, los parlamentarios manifestaron su pesar por el reciente fallecimiento del exdiputado provincial Marcelo Nazar, record\u00e1ndolo como \u00abun gran dirigente pol\u00edtico del peronismo santiague\u00f1o y un excelente ser humano\u00bb.<\/p>\n<p>Asimismo, expresaron sus condolencias al diputado Marcelo Mansilla por el reciente fallecimiento de su madre Juana de Mansilla. En la oportunidad, se realiz\u00f3 un minuto de silencio en memoria de estas dos personas fallecidas.<\/p>\n<p>Escuela Centenaria<\/p>\n<p>La C\u00e1mara de Diputados declar\u00f3 de inter\u00e9s provincial, educativo, hist\u00f3rico y cultural el 100\u00b0 aniversario de la Escuela N\u00b0 423 de la localidad de Majada Sud, departamento San Mart\u00edn, a celebrarse el pr\u00f3ximo 12 de agosto.<\/p>\n<p>\u00abA lo largo de sus cien a\u00f1os de existencia, esta instituci\u00f3n ha sido un verdadero pilar de formaci\u00f3n, contenci\u00f3n y desarrollo para generaciones de ni\u00f1os y ni\u00f1as del lugar. El centenario de una escuela no es un hecho menor: es la celebraci\u00f3n de un siglo de esfuerzo colectivo, de esperanza renovada en cada ciclo lectivo y del derecho a la educaci\u00f3n como base fundamental para una sociedad m\u00e1s justa e igualitaria\u00bb, subrayaron.<\/p>\n<p>Importantes proyectos aprobados<\/p>\n<p>Durante la sesi\u00f3n, la C\u00e1mara de Diputados aprob\u00f3 varios despachos de Comisi\u00f3n declarando de inter\u00e9s: el libro \u201cSacha Animalespa Kwentukuna\u201d; los libros \u201cHuellas del Coraz\u00f3n\u201d y \u201cEcos del Alma\u201d; la obra literaria \u201cLa Corona\u201d; los 45 a\u00f1os de trayectoria del percusionista Eduardo Ram\u00f3n del Valle Mizoguchi; reconocimiento p\u00f3stumo a la memoria de Eduardo \u201cChaca\u201d Carabajal (concejal y Defensor del Pueblo de La Banda); la realizaci\u00f3n del primer seminario internacional La Mirada Sist\u00e9mica en los Conflictos (3 y 4\/09) y la 21\u00b0 Edici\u00f3n del Encuentro latinoamericano \u201cMishquila de Arpas\u201d.<\/p>\n<p>Adem\u00e1s: la Diplomatura Superior Universitaria en Educaci\u00f3n Rural y Diplomatura Superior Universitaria en Educaci\u00f3n Maternal y Primeras Infancias; la Catedra Abierta Mama Antula (29 y 30\/09 y 1\/10) en la UNSE; la XV Edici\u00f3n de la Expo Rural Sumampa 2024 (8 y 9\/11); el XVII Congreso Nacional de Estudiantes de Ingenier\u00eda Civil (del 30\/09 al 3\/10) en Mendoza y la 4\u00b0 edici\u00f3n del Encuentro Interdepartamental de la Yerra y La Amistad.<\/p>\n<p>Tambi\u00e9n se declar\u00f3 de inter\u00e9s: los actos por el 472\u00b0 aniversario de la fundaci\u00f3n de la Madre de Ciudades; el evento h\u00edpico Cl\u00e1sico Madre de Ciudades Copa \u201cGerardo Zamora Gobernador, Carlos Silva Neder Vicegobernador\u201d; el Primer Campeonato Nacional de Peluquer\u00eda Canina de Estilo Comercial; el campeonato de f\u00fatbol 100\u00b0 Aniversario Club Los Romanos; el Evento Musical Folc\u00f3rico en el Club H\u00edpico de Santiago del Estero y el XI Festival de la Empanada en Los Romanos.<\/p>\n<p>Asimismo, se aprobaron diversos proyectos declarando de inter\u00e9s: el 11\u00b0 Encuentro Latinoamericano de Payadores (15, 16 y 17\/08) en Herrera; la conmemoraci\u00f3n del 225\u00ba aniversario de Antaj\u00e9, Banda (16\/08); las fiestas patronales en honor a San Roque (25\/08); en Pozo del Casta\u00f1o, Figueroa; el Torneo D\u00eda del Veterano de B\u00e1squet (14, 15 y 16\/08) y el 2\u00b0 Congreso Nacional de Prevenci\u00f3n de la Violencia Sexual Contra Ni\u00f1as, Ni\u00f1os y Adolescentes (8 y 9\/08).<\/p>\n<p>Adem\u00e1s: el Concierto Sinf\u00f3nico, de la Orquesta Ensamble Santiago L\u00edrica en Concierto (15\/08); la 12\u00b0 Bendici\u00f3n de Mascotas (9\/08); en la parroquia San Roque de la ciudad capital; la celebraci\u00f3n de la Fiesta Patronal en honor a San Roque (16\/08) en la ciudad capital; la Segunda Sesi\u00f3n del Parlamento Federal del Clima (12\/09) y el VII Encuentro de Danzas Folcl\u00f3ricas para Adultos \u201cMana Pachayoj\u201d (9\/08) en el Centro Cultural de la ciudad de Bandera.<\/p>\n","protected":false},"excerpt":{"rendered":"<p>Durante una nueva sesi\u00f3n ordinaria encabezada por el vicegobernador Carlos Silva Neder, la C\u00e1mara de Diputados tom\u00f3 juramento a Silvia Borlone, quien ocup\u00f3 la banca vacante tras el fallecimiento del&hellip; <\/p>\n","protected":false},"author":1,"featured_media":58804,"comment_status":"closed","ping_status":"closed","sticky":false,"template":"","format":"standard","meta":{"footnotes":""},"categories":[2],"tags":[],"class_list":["post-58803","post","type-post","status-publish","format-standard","has-post-thumbnail","hentry","category-gobierno"],"_links":{"self":[{"href":"http:\/\/elurbanoweb.com.ar\/diario\/wp-json\/wp\/v2\/posts\/58803","targetHints":{"allow":["GET"]}}],"collection":[{"href":"http:\/\/elurbanoweb.com.ar\/diario\/wp-json\/wp\/v2\/posts"}],"about":[{"href":"http:\/\/elurbanoweb.com.ar\/diario\/wp-json\/wp\/v2\/types\/post"}],"author":[{"embeddable":true,"href":"http:\/\/elurbanoweb.com.ar\/diario\/wp-json\/wp\/v2\/users\/1"}],"replies":[{"embeddable":true,"href":"http:\/\/elurbanoweb.com.ar\/diario\/wp-json\/wp\/v2\/comments?post=58803"}],"version-history":[{"count":1,"href":"http:\/\/elurbanoweb.com.ar\/diario\/wp-json\/wp\/v2\/posts\/58803\/revisions"}],"predecessor-version":[{"id":58805,"href":"http:\/\/elurbanoweb.com.ar\/diario\/wp-json\/wp\/v2\/posts\/58803\/revisions\/58805"}],"wp:featuredmedia":[{"embeddable":true,"href":"http:\/\/elurbanoweb.com.ar\/diario\/wp-json\/wp\/v2\/media\/58804"}],"wp:attachment":[{"href":"http:\/\/elurbanoweb.com.ar\/diario\/wp-json\/wp\/v2\/media?parent=58803"}],"wp:term":[{"taxonomy":"category","embeddable":true,"href":"http:\/\/elurbanoweb.com.ar\/diario\/wp-json\/wp\/v2\/categories?post=58803"},{"taxonomy":"post_tag","embeddable":true,"href":"http:\/\/elurbanoweb.com.ar\/diario\/wp-json\/wp\/v2\/tags?post=58803"}],"curies":[{"name":"wp","href":"https:\/\/api.w.org\/{rel}","templated":true}]}}