{"id":58809,"date":"2025-08-06T09:49:28","date_gmt":"2025-08-06T12:49:28","guid":{"rendered":"https:\/\/elurbanoweb.com.ar\/diario\/?p=58809"},"modified":"2025-08-06T09:49:28","modified_gmt":"2025-08-06T12:49:28","slug":"caritas-santiago-del-estero-recaudo-mas-de-28-millones-de-pesos-en-su-colecta-anual-2025","status":"publish","type":"post","link":"http:\/\/elurbanoweb.com.ar\/diario\/caritas-santiago-del-estero-recaudo-mas-de-28-millones-de-pesos-en-su-colecta-anual-2025\/","title":{"rendered":"C\u00e1ritas Santiago del Estero recaud\u00f3 m\u00e1s de 28 millones de pesos en su Colecta Anual 2025"},"content":{"rendered":"<p>Bajo el lema \u201cSigamos organizando la esperanza\u201d, la comunidad santiague\u00f1a mostr\u00f3 una vez m\u00e1s su compromiso solidario, con un incremento de casi el 95% en la recaudaci\u00f3n.<\/p>\n<p><img loading=\"lazy\" decoding=\"async\" class=\"alignnone wp-image-58810 size-full\" src=\"http:\/\/elurbanoweb.com.ar\/diario\/wp-content\/uploads\/2025\/08\/caritas.jpg\" alt=\"\" width=\"1010\" height=\"567\" srcset=\"http:\/\/elurbanoweb.com.ar\/diario\/wp-content\/uploads\/2025\/08\/caritas.jpg 1010w, http:\/\/elurbanoweb.com.ar\/diario\/wp-content\/uploads\/2025\/08\/caritas-300x168.jpg 300w, http:\/\/elurbanoweb.com.ar\/diario\/wp-content\/uploads\/2025\/08\/caritas-150x84.jpg 150w\" sizes=\"auto, (max-width: 1010px) 100vw, 1010px\" \/><\/p>\n<p><!--more--><\/p>\n","protected":false},"excerpt":{"rendered":"<p>Bajo el lema \u201cSigamos organizando la esperanza\u201d, la comunidad santiague\u00f1a mostr\u00f3 una vez m\u00e1s su compromiso solidario, con un incremento de casi el 95% en la recaudaci\u00f3n.<\/p>\n","protected":false},"author":1,"featured_media":58810,"comment_status":"closed","ping_status":"closed","sticky":false,"template":"","format":"standard","meta":{"footnotes":""},"categories":[16],"tags":[],"class_list":["post-58809","post","type-post","status-publish","format-standard","has-post-thumbnail","hentry","category-locales"],"_links":{"self":[{"href":"http:\/\/elurbanoweb.com.ar\/diario\/wp-json\/wp\/v2\/posts\/58809","targetHints":{"allow":["GET"]}}],"collection":[{"href":"http:\/\/elurbanoweb.com.ar\/diario\/wp-json\/wp\/v2\/posts"}],"about":[{"href":"http:\/\/elurbanoweb.com.ar\/diario\/wp-json\/wp\/v2\/types\/post"}],"author":[{"embeddable":true,"href":"http:\/\/elurbanoweb.com.ar\/diario\/wp-json\/wp\/v2\/users\/1"}],"replies":[{"embeddable":true,"href":"http:\/\/elurbanoweb.com.ar\/diario\/wp-json\/wp\/v2\/comments?post=58809"}],"version-history":[{"count":1,"href":"http:\/\/elurbanoweb.com.ar\/diario\/wp-json\/wp\/v2\/posts\/58809\/revisions"}],"predecessor-version":[{"id":58811,"href":"http:\/\/elurbanoweb.com.ar\/diario\/wp-json\/wp\/v2\/posts\/58809\/revisions\/58811"}],"wp:featuredmedia":[{"embeddable":true,"href":"http:\/\/elurbanoweb.com.ar\/diario\/wp-json\/wp\/v2\/media\/58810"}],"wp:attachment":[{"href":"http:\/\/elurbanoweb.com.ar\/diario\/wp-json\/wp\/v2\/media?parent=58809"}],"wp:term":[{"taxonomy":"category","embeddable":true,"href":"http:\/\/elurbanoweb.com.ar\/diario\/wp-json\/wp\/v2\/categories?post=58809"},{"taxonomy":"post_tag","embeddable":true,"href":"http:\/\/elurbanoweb.com.ar\/diario\/wp-json\/wp\/v2\/tags?post=58809"}],"curies":[{"name":"wp","href":"https:\/\/api.w.org\/{rel}","templated":true}]}}