{"id":58812,"date":"2025-08-06T09:51:05","date_gmt":"2025-08-06T12:51:05","guid":{"rendered":"https:\/\/elurbanoweb.com.ar\/diario\/?p=58812"},"modified":"2025-08-06T09:51:05","modified_gmt":"2025-08-06T12:51:05","slug":"humanidades-da-inicio-a-la-especializacion-en-enfermeria-en-salud-familiar-y-comunitaria","status":"publish","type":"post","link":"http:\/\/elurbanoweb.com.ar\/diario\/humanidades-da-inicio-a-la-especializacion-en-enfermeria-en-salud-familiar-y-comunitaria\/","title":{"rendered":"Humanidades da inicio a la Especializaci\u00f3n en Enfermer\u00eda en Salud Familiar y Comunitaria"},"content":{"rendered":"<p>La Facultad de Humanidades, Ciencias Sociales y de la Salud de la Universidad Nacional de Santiago del Estero (UNSE) dar\u00e1 inicio formal a la primera cohorte de la carrera de posgrado \u00abEspecializaci\u00f3n en Enfermer\u00eda en Salud Familiar y Comunitaria\u00bb. El acto de apertura se desarrollar\u00e1 el pr\u00f3ximo 14 de agosto a las 8:30 hs. en el Sal\u00f3n de Usos M\u00faltiples (SUM) de la unidad acad\u00e9mica.<\/p>\n<p><img loading=\"lazy\" decoding=\"async\" class=\"alignnone wp-image-58813 size-full\" src=\"http:\/\/elurbanoweb.com.ar\/diario\/wp-content\/uploads\/2025\/08\/enfermeria2.jpg\" alt=\"\" width=\"600\" height=\"400\" srcset=\"http:\/\/elurbanoweb.com.ar\/diario\/wp-content\/uploads\/2025\/08\/enfermeria2.jpg 600w, http:\/\/elurbanoweb.com.ar\/diario\/wp-content\/uploads\/2025\/08\/enfermeria2-300x200.jpg 300w, http:\/\/elurbanoweb.com.ar\/diario\/wp-content\/uploads\/2025\/08\/enfermeria2-150x100.jpg 150w\" sizes=\"auto, (max-width: 600px) 100vw, 600px\" \/><\/p>\n<p><!--more--><\/p>\n<p>La nueva propuesta de posgrado, gestionada a trav\u00e9s de la Secretar\u00eda de Posgrado y aprobada por resoluci\u00f3n N\u00b0 11.109\/2012 de la CONEAU, est\u00e1 orientada a formar profesionales con una alta capacitaci\u00f3n para el abordaje integral de los procesos de salud, enfermedad y cuidado en el \u00e1mbito familiar y comunitario, fortaleciendo el primer nivel de atenci\u00f3n.<\/p>\n<p>Al respecto, el decano de la Facultad, Marcelino Ledesma, resalt\u00f3 la importancia de la nueva carrera en el contexto local: \u201cesta especializaci\u00f3n representa una respuesta concreta y pertinente de la universidad p\u00fablica a las necesidades de nuestro sistema de salud. Buscamos formar profesionales con una perspectiva integral, capaces de generar un impacto positivo y directo en el territorio\u201d.<\/p>\n<p>En esa l\u00ednea, Ledesma explic\u00f3 que \u201chablar de salud familiar y comunitaria nos invita a superar el modelo tradicional centrado en la enfermedad para adoptar un paradigma que pone en el centro a la persona, su familia y su entorno. Significa construir la salud desde el territorio; no s\u00f3lo para curar, sino principalmente para cuidar, prevenir y promover la salud en comunidad\u201d.<\/p>\n<p>Por su parte, la vicedecana, Sandra Moreira, enmarc\u00f3 el lanzamiento dentro de las pol\u00edticas de desarrollo acad\u00e9mico de la instituci\u00f3n: \u201cEl inicio de esta cohorte reafirma la apuesta de nuestra facultad por la formaci\u00f3n continua y la excelencia acad\u00e9mica. Generar trayectos de posgrado de calidad como \u00e9ste es fundamental para que nuestros graduados y los profesionales del medio puedan especializarse, actualizar sus conocimientos y responder con mayores herramientas a las complejas demandas del campo de la salud\u201d, sostuvo.<\/p>\n<p>En este sentido, la vicedecana record\u00f3 que \u201cla carrera de Enfermer\u00eda en nuestra facultad cuenta con una reconocida y extensa trayectoria, y se hizo evidente la demanda de espacios para continuar ese trayecto a nivel de posgrado. Esta nueva Especializaci\u00f3n, que se suma a la ya consolidada Maestr\u00eda en Salud Familiar y Comunitaria, llega para ampliar y fortalecer nuestra oferta acad\u00e9mica, brindando un trayecto formativo integral que responde a las distintas necesidades de los profesionales del campo de la salud p\u00fablica\u201d.<\/p>\n<p>La ceremonia de apertura contar\u00e1 con la presencia de autoridades, el cuerpo docente de la especializaci\u00f3n y los profesionales inscriptos que conformar\u00e1n la primera cohorte. La iniciativa consolida el rol de la Facultad de Humanidades como una instituci\u00f3n de referencia en la formaci\u00f3n de recursos humanos para el \u00e1rea de la salud, con un fuerte compromiso social y anclaje en las realidades de la provincia y la regi\u00f3n.<\/p>\n","protected":false},"excerpt":{"rendered":"<p>La Facultad de Humanidades, Ciencias Sociales y de la Salud de la Universidad Nacional de Santiago del Estero (UNSE) dar\u00e1 inicio formal a la primera cohorte de la carrera de&hellip; <\/p>\n","protected":false},"author":1,"featured_media":58813,"comment_status":"closed","ping_status":"closed","sticky":false,"template":"","format":"standard","meta":{"footnotes":""},"categories":[15],"tags":[],"class_list":["post-58812","post","type-post","status-publish","format-standard","has-post-thumbnail","hentry","category-unse"],"_links":{"self":[{"href":"http:\/\/elurbanoweb.com.ar\/diario\/wp-json\/wp\/v2\/posts\/58812","targetHints":{"allow":["GET"]}}],"collection":[{"href":"http:\/\/elurbanoweb.com.ar\/diario\/wp-json\/wp\/v2\/posts"}],"about":[{"href":"http:\/\/elurbanoweb.com.ar\/diario\/wp-json\/wp\/v2\/types\/post"}],"author":[{"embeddable":true,"href":"http:\/\/elurbanoweb.com.ar\/diario\/wp-json\/wp\/v2\/users\/1"}],"replies":[{"embeddable":true,"href":"http:\/\/elurbanoweb.com.ar\/diario\/wp-json\/wp\/v2\/comments?post=58812"}],"version-history":[{"count":1,"href":"http:\/\/elurbanoweb.com.ar\/diario\/wp-json\/wp\/v2\/posts\/58812\/revisions"}],"predecessor-version":[{"id":58814,"href":"http:\/\/elurbanoweb.com.ar\/diario\/wp-json\/wp\/v2\/posts\/58812\/revisions\/58814"}],"wp:featuredmedia":[{"embeddable":true,"href":"http:\/\/elurbanoweb.com.ar\/diario\/wp-json\/wp\/v2\/media\/58813"}],"wp:attachment":[{"href":"http:\/\/elurbanoweb.com.ar\/diario\/wp-json\/wp\/v2\/media?parent=58812"}],"wp:term":[{"taxonomy":"category","embeddable":true,"href":"http:\/\/elurbanoweb.com.ar\/diario\/wp-json\/wp\/v2\/categories?post=58812"},{"taxonomy":"post_tag","embeddable":true,"href":"http:\/\/elurbanoweb.com.ar\/diario\/wp-json\/wp\/v2\/tags?post=58812"}],"curies":[{"name":"wp","href":"https:\/\/api.w.org\/{rel}","templated":true}]}}