{"id":58815,"date":"2025-08-06T09:52:49","date_gmt":"2025-08-06T12:52:49","guid":{"rendered":"https:\/\/elurbanoweb.com.ar\/diario\/?p=58815"},"modified":"2025-08-06T09:53:48","modified_gmt":"2025-08-06T12:53:48","slug":"la-intendente-fuentes-participo-de-la-presentacion-del-audiovisual-materia-creado-por-artistas-santiaguenas","status":"publish","type":"post","link":"http:\/\/elurbanoweb.com.ar\/diario\/la-intendente-fuentes-participo-de-la-presentacion-del-audiovisual-materia-creado-por-artistas-santiaguenas\/","title":{"rendered":"La intendente Fuentes particip\u00f3 de la presentaci\u00f3n del audiovisual \u201cMateria\u201d creado por artistas santiague\u00f1as"},"content":{"rendered":"<p>La intendente Ing. Norma Fuentes asisti\u00f3 a la presentaci\u00f3n del audiovisual \u201cMateria\u201d realizado por las artistas santiague\u00f1as Jazmin Dec, Arianna Irastorza y Paula Rivero en una sala de cine.<\/p>\n<p><img loading=\"lazy\" decoding=\"async\" class=\"alignnone wp-image-58816 size-large\" src=\"http:\/\/elurbanoweb.com.ar\/diario\/wp-content\/uploads\/2025\/08\/materia-1024x804.jpg\" alt=\"\" width=\"1024\" height=\"804\" srcset=\"http:\/\/elurbanoweb.com.ar\/diario\/wp-content\/uploads\/2025\/08\/materia-1024x804.jpg 1024w, http:\/\/elurbanoweb.com.ar\/diario\/wp-content\/uploads\/2025\/08\/materia-300x236.jpg 300w, http:\/\/elurbanoweb.com.ar\/diario\/wp-content\/uploads\/2025\/08\/materia-150x118.jpg 150w, http:\/\/elurbanoweb.com.ar\/diario\/wp-content\/uploads\/2025\/08\/materia-1536x1207.jpg 1536w, http:\/\/elurbanoweb.com.ar\/diario\/wp-content\/uploads\/2025\/08\/materia.jpg 1600w\" sizes=\"auto, (max-width: 1024px) 100vw, 1024px\" \/><\/p>\n<p><!--more-->Las j\u00f3venes presentaron un video \u00e1lbum compuesto de 7 piezas musicales con la exposici\u00f3n de paisajes y sonidos aut\u00f3ctonos.<\/p>\n<p><img loading=\"lazy\" decoding=\"async\" class=\"alignnone wp-image-58817 size-large\" src=\"http:\/\/elurbanoweb.com.ar\/diario\/wp-content\/uploads\/2025\/08\/materia1-1024x667.jpg\" alt=\"\" width=\"1024\" height=\"667\" srcset=\"http:\/\/elurbanoweb.com.ar\/diario\/wp-content\/uploads\/2025\/08\/materia1-1024x667.jpg 1024w, http:\/\/elurbanoweb.com.ar\/diario\/wp-content\/uploads\/2025\/08\/materia1-300x195.jpg 300w, http:\/\/elurbanoweb.com.ar\/diario\/wp-content\/uploads\/2025\/08\/materia1-150x98.jpg 150w, http:\/\/elurbanoweb.com.ar\/diario\/wp-content\/uploads\/2025\/08\/materia1-1536x1000.jpg 1536w, http:\/\/elurbanoweb.com.ar\/diario\/wp-content\/uploads\/2025\/08\/materia1.jpg 2048w\" sizes=\"auto, (max-width: 1024px) 100vw, 1024px\" \/><\/p>\n<p>La Ing. Fuentes estuvo acompa\u00f1ada por la subsecretaria de Educaci\u00f3n, Nancy Bravo; la directora del \u00e1rea, Josefina Muratore y el director de Cultura, Francisco Avenda\u00f1o.<\/p>\n","protected":false},"excerpt":{"rendered":"<p>La intendente Ing. Norma Fuentes asisti\u00f3 a la presentaci\u00f3n del audiovisual \u201cMateria\u201d realizado por las artistas santiague\u00f1as Jazmin Dec, Arianna Irastorza y Paula Rivero en una sala de cine.<\/p>\n","protected":false},"author":1,"featured_media":58819,"comment_status":"closed","ping_status":"closed","sticky":false,"template":"","format":"standard","meta":{"footnotes":""},"categories":[3],"tags":[],"class_list":["post-58815","post","type-post","status-publish","format-standard","has-post-thumbnail","hentry","category-municipio"],"_links":{"self":[{"href":"http:\/\/elurbanoweb.com.ar\/diario\/wp-json\/wp\/v2\/posts\/58815","targetHints":{"allow":["GET"]}}],"collection":[{"href":"http:\/\/elurbanoweb.com.ar\/diario\/wp-json\/wp\/v2\/posts"}],"about":[{"href":"http:\/\/elurbanoweb.com.ar\/diario\/wp-json\/wp\/v2\/types\/post"}],"author":[{"embeddable":true,"href":"http:\/\/elurbanoweb.com.ar\/diario\/wp-json\/wp\/v2\/users\/1"}],"replies":[{"embeddable":true,"href":"http:\/\/elurbanoweb.com.ar\/diario\/wp-json\/wp\/v2\/comments?post=58815"}],"version-history":[{"count":1,"href":"http:\/\/elurbanoweb.com.ar\/diario\/wp-json\/wp\/v2\/posts\/58815\/revisions"}],"predecessor-version":[{"id":58818,"href":"http:\/\/elurbanoweb.com.ar\/diario\/wp-json\/wp\/v2\/posts\/58815\/revisions\/58818"}],"wp:featuredmedia":[{"embeddable":true,"href":"http:\/\/elurbanoweb.com.ar\/diario\/wp-json\/wp\/v2\/media\/58819"}],"wp:attachment":[{"href":"http:\/\/elurbanoweb.com.ar\/diario\/wp-json\/wp\/v2\/media?parent=58815"}],"wp:term":[{"taxonomy":"category","embeddable":true,"href":"http:\/\/elurbanoweb.com.ar\/diario\/wp-json\/wp\/v2\/categories?post=58815"},{"taxonomy":"post_tag","embeddable":true,"href":"http:\/\/elurbanoweb.com.ar\/diario\/wp-json\/wp\/v2\/tags?post=58815"}],"curies":[{"name":"wp","href":"https:\/\/api.w.org\/{rel}","templated":true}]}}