{"id":58820,"date":"2025-08-06T17:14:13","date_gmt":"2025-08-06T20:14:13","guid":{"rendered":"https:\/\/elurbanoweb.com.ar\/diario\/?p=58820"},"modified":"2025-08-06T17:14:13","modified_gmt":"2025-08-06T20:14:13","slug":"el-jefe-de-gabinete-de-ministros-recibio-a-alumnos-del-colegio-espiritu-santo-de-la-ciudad-capital","status":"publish","type":"post","link":"http:\/\/elurbanoweb.com.ar\/diario\/el-jefe-de-gabinete-de-ministros-recibio-a-alumnos-del-colegio-espiritu-santo-de-la-ciudad-capital\/","title":{"rendered":"El jefe de Gabinete de ministros recibi\u00f3 a alumnos del Colegio Esp\u00edritu Santo de la ciudad Capital"},"content":{"rendered":"<p>El jefe de Gabinete de ministros, El\u00edas Su\u00e1rez, en representaci\u00f3n del gobernador Gerardo Zamora, recibi\u00f3 este mi\u00e9rcoles al mediod\u00eda en Casa de Gobierno la visita de alumnos del Colegio Esp\u00edritu Santo que se encuentra situado en el Barrio Ej\u00e9rcito Argentino de la ciudad Capital.<\/p>\n<p><img loading=\"lazy\" decoding=\"async\" class=\"alignnone wp-image-58821 size-large\" src=\"http:\/\/elurbanoweb.com.ar\/diario\/wp-content\/uploads\/2025\/08\/espiritu-1024x531.jpg\" alt=\"\" width=\"1024\" height=\"531\" srcset=\"http:\/\/elurbanoweb.com.ar\/diario\/wp-content\/uploads\/2025\/08\/espiritu-1024x531.jpg 1024w, http:\/\/elurbanoweb.com.ar\/diario\/wp-content\/uploads\/2025\/08\/espiritu-300x156.jpg 300w, http:\/\/elurbanoweb.com.ar\/diario\/wp-content\/uploads\/2025\/08\/espiritu-150x78.jpg 150w, http:\/\/elurbanoweb.com.ar\/diario\/wp-content\/uploads\/2025\/08\/espiritu-1536x797.jpg 1536w, http:\/\/elurbanoweb.com.ar\/diario\/wp-content\/uploads\/2025\/08\/espiritu.jpg 1600w\" sizes=\"auto, (max-width: 1024px) 100vw, 1024px\" \/><\/p>\n<p><!--more--><\/p>\n<p>En esta oportunidad 43 estudiantes de Tercer grado A y B acompa\u00f1ados por sus docentes recorrieron la sede del poder ejecutivo en el marco de un proyecto institucional denominado \u201cMirando con una lupa mi ciudad\u201c-<\/p>\n<p>En el sal\u00f3n de acuerdos \u201cJuan Felipe Ibarra\u201d, El\u00edas Suarez mantuvo una conversaci\u00f3n amena con los chicos y expres\u00e1ndoles la alegr\u00eda de poder recibirlos en Casa de Gobierno. Asimismo, les dese\u00f3 una excelente jornada y que puedan divertirse.<\/p>\n","protected":false},"excerpt":{"rendered":"<p>El jefe de Gabinete de ministros, El\u00edas Su\u00e1rez, en representaci\u00f3n del gobernador Gerardo Zamora, recibi\u00f3 este mi\u00e9rcoles al mediod\u00eda en Casa de Gobierno la visita de alumnos del Colegio Esp\u00edritu&hellip; <\/p>\n","protected":false},"author":1,"featured_media":58821,"comment_status":"closed","ping_status":"closed","sticky":false,"template":"","format":"standard","meta":{"footnotes":""},"categories":[2],"tags":[],"class_list":["post-58820","post","type-post","status-publish","format-standard","has-post-thumbnail","hentry","category-gobierno"],"_links":{"self":[{"href":"http:\/\/elurbanoweb.com.ar\/diario\/wp-json\/wp\/v2\/posts\/58820","targetHints":{"allow":["GET"]}}],"collection":[{"href":"http:\/\/elurbanoweb.com.ar\/diario\/wp-json\/wp\/v2\/posts"}],"about":[{"href":"http:\/\/elurbanoweb.com.ar\/diario\/wp-json\/wp\/v2\/types\/post"}],"author":[{"embeddable":true,"href":"http:\/\/elurbanoweb.com.ar\/diario\/wp-json\/wp\/v2\/users\/1"}],"replies":[{"embeddable":true,"href":"http:\/\/elurbanoweb.com.ar\/diario\/wp-json\/wp\/v2\/comments?post=58820"}],"version-history":[{"count":1,"href":"http:\/\/elurbanoweb.com.ar\/diario\/wp-json\/wp\/v2\/posts\/58820\/revisions"}],"predecessor-version":[{"id":58822,"href":"http:\/\/elurbanoweb.com.ar\/diario\/wp-json\/wp\/v2\/posts\/58820\/revisions\/58822"}],"wp:featuredmedia":[{"embeddable":true,"href":"http:\/\/elurbanoweb.com.ar\/diario\/wp-json\/wp\/v2\/media\/58821"}],"wp:attachment":[{"href":"http:\/\/elurbanoweb.com.ar\/diario\/wp-json\/wp\/v2\/media?parent=58820"}],"wp:term":[{"taxonomy":"category","embeddable":true,"href":"http:\/\/elurbanoweb.com.ar\/diario\/wp-json\/wp\/v2\/categories?post=58820"},{"taxonomy":"post_tag","embeddable":true,"href":"http:\/\/elurbanoweb.com.ar\/diario\/wp-json\/wp\/v2\/tags?post=58820"}],"curies":[{"name":"wp","href":"https:\/\/api.w.org\/{rel}","templated":true}]}}