{"id":58827,"date":"2025-08-07T10:10:04","date_gmt":"2025-08-07T13:10:04","guid":{"rendered":"https:\/\/elurbanoweb.com.ar\/diario\/?p=58827"},"modified":"2025-08-07T10:10:04","modified_gmt":"2025-08-07T13:10:04","slug":"el-cine-renzi-renueva-su-cartelera-con-comedias-y-terror-nacional","status":"publish","type":"post","link":"http:\/\/elurbanoweb.com.ar\/diario\/el-cine-renzi-renueva-su-cartelera-con-comedias-y-terror-nacional\/","title":{"rendered":"El Cine Renzi renueva su cartelera con comedias y terror nacional"},"content":{"rendered":"<p>l Cine Teatro Municipal Renzi dio a conocer su nueva cartelera con pel\u00edculas que se proyectar\u00e1n desde el jueves 7 hasta el mi\u00e9rcoles 13 entre las cuales se destacan \u201cOtro viernes de locos\u201d y las pel\u00edculas nacionales \u201cTamales\u201d y \u201cEl escuerzo\u201d.<\/p>\n<p><img loading=\"lazy\" decoding=\"async\" class=\"alignnone wp-image-58828 size-full\" src=\"http:\/\/elurbanoweb.com.ar\/diario\/wp-content\/uploads\/2025\/08\/renzi2.jpg\" alt=\"\" width=\"1010\" height=\"567\" srcset=\"http:\/\/elurbanoweb.com.ar\/diario\/wp-content\/uploads\/2025\/08\/renzi2.jpg 1010w, http:\/\/elurbanoweb.com.ar\/diario\/wp-content\/uploads\/2025\/08\/renzi2-300x168.jpg 300w, http:\/\/elurbanoweb.com.ar\/diario\/wp-content\/uploads\/2025\/08\/renzi2-150x84.jpg 150w\" sizes=\"auto, (max-width: 1010px) 100vw, 1010px\" \/><\/p>\n<p><!--more--><\/p>\n<p>Los precios de las entradas para pel\u00edculas comerciales tienen un valor de $5.000 para menores y $6.000 para mayores, mientras que las producciones del espacio INCAA tienen un costo de $2.400. Adem\u00e1s, sigue vigente la promoci\u00f3n de 2\u00d71, de lunes a mi\u00e9rcoles.<\/p>\n<p>En los horarios de las 16 y las 18, contin\u00faa en cartelera, la comedia animada \u201cLos tipos malos 2\u201d, basada en la serie de libros infantiles del mismo nombre de Aaron Blabey, que es producida por DreamWorks Animation y distribuida por Universal Pictures.<\/p>\n<p>Despu\u00e9s de cinco a\u00f1os de los acontecimientos de la primera pel\u00edcula, un equipo de animales que no respetan la ley, los ahora reformados Tipos Malos, se esfuerzan en ser buenos, pero se ven envueltos involuntariamente en un golpe de envergadura mundial planeado por un inesperado grupo de criminales: las Tipas Malas.<\/p>\n<p>En el marco de Espacio INCAA, el jueves 7, el viernes 8 y el domingo 10 de agosto, a las 20, el p\u00fablico podr\u00e1 ver \u201cTamales\u201d, un largometraje dirigido por Teodoro Ciampagna y filmado \u00edntegramente en la provincia de Jujuy. La pel\u00edcula cuenta con un elenco compuesto por actores, actrices y creadores de contenido de las provincias de Jujuy y Salta, que protagonizan una historia que refleja la cultura y cosmovisi\u00f3n andina de la tierra en su esplendor. El filme nos presenta a Rosa, una Tamalera de la Quebrada de Humahuaca, que puso los ahorros de toda su vida en pepitas de oro y de repente muere.<\/p>\n","protected":false},"excerpt":{"rendered":"<p>l Cine Teatro Municipal Renzi dio a conocer su nueva cartelera con pel\u00edculas que se proyectar\u00e1n desde el jueves 7 hasta el mi\u00e9rcoles 13 entre las cuales se destacan \u201cOtro&hellip; <\/p>\n","protected":false},"author":1,"featured_media":58828,"comment_status":"closed","ping_status":"closed","sticky":false,"template":"","format":"standard","meta":{"footnotes":""},"categories":[9],"tags":[],"class_list":["post-58827","post","type-post","status-publish","format-standard","has-post-thumbnail","hentry","category-la-banda"],"_links":{"self":[{"href":"http:\/\/elurbanoweb.com.ar\/diario\/wp-json\/wp\/v2\/posts\/58827","targetHints":{"allow":["GET"]}}],"collection":[{"href":"http:\/\/elurbanoweb.com.ar\/diario\/wp-json\/wp\/v2\/posts"}],"about":[{"href":"http:\/\/elurbanoweb.com.ar\/diario\/wp-json\/wp\/v2\/types\/post"}],"author":[{"embeddable":true,"href":"http:\/\/elurbanoweb.com.ar\/diario\/wp-json\/wp\/v2\/users\/1"}],"replies":[{"embeddable":true,"href":"http:\/\/elurbanoweb.com.ar\/diario\/wp-json\/wp\/v2\/comments?post=58827"}],"version-history":[{"count":1,"href":"http:\/\/elurbanoweb.com.ar\/diario\/wp-json\/wp\/v2\/posts\/58827\/revisions"}],"predecessor-version":[{"id":58829,"href":"http:\/\/elurbanoweb.com.ar\/diario\/wp-json\/wp\/v2\/posts\/58827\/revisions\/58829"}],"wp:featuredmedia":[{"embeddable":true,"href":"http:\/\/elurbanoweb.com.ar\/diario\/wp-json\/wp\/v2\/media\/58828"}],"wp:attachment":[{"href":"http:\/\/elurbanoweb.com.ar\/diario\/wp-json\/wp\/v2\/media?parent=58827"}],"wp:term":[{"taxonomy":"category","embeddable":true,"href":"http:\/\/elurbanoweb.com.ar\/diario\/wp-json\/wp\/v2\/categories?post=58827"},{"taxonomy":"post_tag","embeddable":true,"href":"http:\/\/elurbanoweb.com.ar\/diario\/wp-json\/wp\/v2\/tags?post=58827"}],"curies":[{"name":"wp","href":"https:\/\/api.w.org\/{rel}","templated":true}]}}