{"id":58830,"date":"2025-08-07T10:11:38","date_gmt":"2025-08-07T13:11:38","guid":{"rendered":"https:\/\/elurbanoweb.com.ar\/diario\/?p=58830"},"modified":"2025-08-07T10:11:38","modified_gmt":"2025-08-07T13:11:38","slug":"convocan-a-vecinos-a-participar-de-la-3-edicion-de-la-feria-de-emprendedores","status":"publish","type":"post","link":"http:\/\/elurbanoweb.com.ar\/diario\/convocan-a-vecinos-a-participar-de-la-3-edicion-de-la-feria-de-emprendedores\/","title":{"rendered":"Convocan a vecinos a participar de la \u201c3\u00b0 Edici\u00f3n de la Feria de Emprendedores\u201d"},"content":{"rendered":"<p>La Direcci\u00f3n de Juntas Vecinales dependiente de la Secretar\u00eda de Coordinaci\u00f3n y Desarrollo Territorial inform\u00f3 que se realizar\u00e1 la \u201c3\u00b0 Edici\u00f3n de la Feria de Emprendedores\u201d el s\u00e1bado 9 a partir de las 15 en la Plaza del Vag\u00f3n ubicada en Av. Besares y Quintana.<\/p>\n<p><img loading=\"lazy\" decoding=\"async\" class=\"alignnone wp-image-58831 size-full\" src=\"http:\/\/elurbanoweb.com.ar\/diario\/wp-content\/uploads\/2025\/08\/emprendedores.jpg\" alt=\"\" width=\"1010\" height=\"567\" srcset=\"http:\/\/elurbanoweb.com.ar\/diario\/wp-content\/uploads\/2025\/08\/emprendedores.jpg 1010w, http:\/\/elurbanoweb.com.ar\/diario\/wp-content\/uploads\/2025\/08\/emprendedores-300x168.jpg 300w, http:\/\/elurbanoweb.com.ar\/diario\/wp-content\/uploads\/2025\/08\/emprendedores-150x84.jpg 150w\" sizes=\"auto, (max-width: 1010px) 100vw, 1010px\" \/><\/p>\n<p><!--more--><\/p>\n<p>En la oportunidad, se presentar\u00e1n microemprendedores y artesanos bande\u00f1os que ofrecer\u00e1n una amplia variedad de productos panificados, sahumerios, tejidos, plantas y dem\u00e1s.<\/p>\n<p>Asimismo, se presentar\u00e1 con un espect\u00e1culo criollo una academia de danzas folcl\u00f3ricas y un taller de percusi\u00f3n gratuito para todos los interesados en participar.<\/p>\n<p>Desde el \u00e1rea se indic\u00f3 que los emprendedores bande\u00f1os que deseen sumarse pueden comunicarse 3854755520.<\/p>\n","protected":false},"excerpt":{"rendered":"<p>La Direcci\u00f3n de Juntas Vecinales dependiente de la Secretar\u00eda de Coordinaci\u00f3n y Desarrollo Territorial inform\u00f3 que se realizar\u00e1 la \u201c3\u00b0 Edici\u00f3n de la Feria de Emprendedores\u201d el s\u00e1bado 9 a&hellip; <\/p>\n","protected":false},"author":1,"featured_media":58831,"comment_status":"closed","ping_status":"closed","sticky":false,"template":"","format":"standard","meta":{"footnotes":""},"categories":[9],"tags":[],"class_list":["post-58830","post","type-post","status-publish","format-standard","has-post-thumbnail","hentry","category-la-banda"],"_links":{"self":[{"href":"http:\/\/elurbanoweb.com.ar\/diario\/wp-json\/wp\/v2\/posts\/58830","targetHints":{"allow":["GET"]}}],"collection":[{"href":"http:\/\/elurbanoweb.com.ar\/diario\/wp-json\/wp\/v2\/posts"}],"about":[{"href":"http:\/\/elurbanoweb.com.ar\/diario\/wp-json\/wp\/v2\/types\/post"}],"author":[{"embeddable":true,"href":"http:\/\/elurbanoweb.com.ar\/diario\/wp-json\/wp\/v2\/users\/1"}],"replies":[{"embeddable":true,"href":"http:\/\/elurbanoweb.com.ar\/diario\/wp-json\/wp\/v2\/comments?post=58830"}],"version-history":[{"count":1,"href":"http:\/\/elurbanoweb.com.ar\/diario\/wp-json\/wp\/v2\/posts\/58830\/revisions"}],"predecessor-version":[{"id":58832,"href":"http:\/\/elurbanoweb.com.ar\/diario\/wp-json\/wp\/v2\/posts\/58830\/revisions\/58832"}],"wp:featuredmedia":[{"embeddable":true,"href":"http:\/\/elurbanoweb.com.ar\/diario\/wp-json\/wp\/v2\/media\/58831"}],"wp:attachment":[{"href":"http:\/\/elurbanoweb.com.ar\/diario\/wp-json\/wp\/v2\/media?parent=58830"}],"wp:term":[{"taxonomy":"category","embeddable":true,"href":"http:\/\/elurbanoweb.com.ar\/diario\/wp-json\/wp\/v2\/categories?post=58830"},{"taxonomy":"post_tag","embeddable":true,"href":"http:\/\/elurbanoweb.com.ar\/diario\/wp-json\/wp\/v2\/tags?post=58830"}],"curies":[{"name":"wp","href":"https:\/\/api.w.org\/{rel}","templated":true}]}}