{"id":58836,"date":"2025-08-07T10:15:17","date_gmt":"2025-08-07T13:15:17","guid":{"rendered":"https:\/\/elurbanoweb.com.ar\/diario\/?p=58836"},"modified":"2025-08-07T10:15:17","modified_gmt":"2025-08-07T13:15:17","slug":"caritas-santiago-del-estero-y-la-ucse-firmaron-un-convenio-para-que-estudiantes-realicen-practicas-en-espacios-comunitarios","status":"publish","type":"post","link":"http:\/\/elurbanoweb.com.ar\/diario\/caritas-santiago-del-estero-y-la-ucse-firmaron-un-convenio-para-que-estudiantes-realicen-practicas-en-espacios-comunitarios\/","title":{"rendered":"C\u00e1ritas Santiago del Estero y la UCSE firmaron un convenio para que estudiantes realicen pr\u00e1cticas en espacios comunitarios"},"content":{"rendered":"<p>El acuerdo permitir\u00e1 a alumnos de la Facultad de Ciencias para la Salud aplicar sus conocimientos en centros educativos de C\u00e1ritas, fortaleciendo la vinculaci\u00f3n entre universidad y trabajo social.<\/p>\n<p><img loading=\"lazy\" decoding=\"async\" class=\"alignnone wp-image-58837 size-full\" src=\"http:\/\/elurbanoweb.com.ar\/diario\/wp-content\/uploads\/2025\/08\/caritas1.jpg\" alt=\"\" width=\"1010\" height=\"567\" srcset=\"http:\/\/elurbanoweb.com.ar\/diario\/wp-content\/uploads\/2025\/08\/caritas1.jpg 1010w, http:\/\/elurbanoweb.com.ar\/diario\/wp-content\/uploads\/2025\/08\/caritas1-300x168.jpg 300w, http:\/\/elurbanoweb.com.ar\/diario\/wp-content\/uploads\/2025\/08\/caritas1-150x84.jpg 150w\" sizes=\"auto, (max-width: 1010px) 100vw, 1010px\" \/><\/p>\n<p><!--more--><\/p>\n<p>En el marco de un compromiso compartido con la educaci\u00f3n, la salud y el desarrollo comunitario, C\u00e1ritas Santiago del Estero y la Facultad de Ciencias para la Salud de la Universidad Cat\u00f3lica de Santiago del Estero (UCSE) firmaron un convenio de colaboraci\u00f3n que permitir\u00e1 a estudiantes realizar pr\u00e1cticas preprofesionales en espacios educativos que C\u00e1ritas sostiene en distintas comunidades de la provincia.<\/p>\n<p>Este acuerdo tiene como objetivo articular el \u00e1mbito acad\u00e9mico con la acci\u00f3n social, brindando a los futuros profesionales la oportunidad de aplicar sus saberes en contextos reales, al tiempo que se fortalece la tarea de acompa\u00f1amiento comunitario en sectores vulnerables.<\/p>\n<p>Participaci\u00f3n institucional<\/p>\n<p>Durante el acto de firma estuvieron presentes autoridades de ambas instituciones: el rector de la UCSE, Luis Lucena; la decana de la Facultad de Ciencias para la Salud, Analia Valentini; la directora de C\u00e1ritas Santiago del Estero, Mar\u00eda del Carmen Rosales; y el vicedirector, padre Dar\u00edo Acu\u00f1a.<\/p>\n<p>El convenio constituye un paso significativo en la construcci\u00f3n de redes de trabajo interinstitucional, con el foco puesto en la formaci\u00f3n integral de los estudiantes y el impacto social positivo que pueden generar en sus pr\u00e1cticas profesionales.<\/p>\n<p>Educaci\u00f3n con compromiso social<\/p>\n<p>Desde la UCSE remarcaron que este tipo de acuerdos fortalece la formaci\u00f3n acad\u00e9mica con perspectiva social, promoviendo valores como la empat\u00eda, el compromiso y la responsabilidad ciudadana en quienes se preparan para desempe\u00f1arse en \u00e1reas vinculadas a la salud.<\/p>\n","protected":false},"excerpt":{"rendered":"<p>El acuerdo permitir\u00e1 a alumnos de la Facultad de Ciencias para la Salud aplicar sus conocimientos en centros educativos de C\u00e1ritas, fortaleciendo la vinculaci\u00f3n entre universidad y trabajo social.<\/p>\n","protected":false},"author":1,"featured_media":58837,"comment_status":"closed","ping_status":"closed","sticky":false,"template":"","format":"standard","meta":{"footnotes":""},"categories":[16],"tags":[],"class_list":["post-58836","post","type-post","status-publish","format-standard","has-post-thumbnail","hentry","category-locales"],"_links":{"self":[{"href":"http:\/\/elurbanoweb.com.ar\/diario\/wp-json\/wp\/v2\/posts\/58836","targetHints":{"allow":["GET"]}}],"collection":[{"href":"http:\/\/elurbanoweb.com.ar\/diario\/wp-json\/wp\/v2\/posts"}],"about":[{"href":"http:\/\/elurbanoweb.com.ar\/diario\/wp-json\/wp\/v2\/types\/post"}],"author":[{"embeddable":true,"href":"http:\/\/elurbanoweb.com.ar\/diario\/wp-json\/wp\/v2\/users\/1"}],"replies":[{"embeddable":true,"href":"http:\/\/elurbanoweb.com.ar\/diario\/wp-json\/wp\/v2\/comments?post=58836"}],"version-history":[{"count":1,"href":"http:\/\/elurbanoweb.com.ar\/diario\/wp-json\/wp\/v2\/posts\/58836\/revisions"}],"predecessor-version":[{"id":58838,"href":"http:\/\/elurbanoweb.com.ar\/diario\/wp-json\/wp\/v2\/posts\/58836\/revisions\/58838"}],"wp:featuredmedia":[{"embeddable":true,"href":"http:\/\/elurbanoweb.com.ar\/diario\/wp-json\/wp\/v2\/media\/58837"}],"wp:attachment":[{"href":"http:\/\/elurbanoweb.com.ar\/diario\/wp-json\/wp\/v2\/media?parent=58836"}],"wp:term":[{"taxonomy":"category","embeddable":true,"href":"http:\/\/elurbanoweb.com.ar\/diario\/wp-json\/wp\/v2\/categories?post=58836"},{"taxonomy":"post_tag","embeddable":true,"href":"http:\/\/elurbanoweb.com.ar\/diario\/wp-json\/wp\/v2\/tags?post=58836"}],"curies":[{"name":"wp","href":"https:\/\/api.w.org\/{rel}","templated":true}]}}