{"id":58839,"date":"2025-08-07T10:17:49","date_gmt":"2025-08-07T13:17:49","guid":{"rendered":"https:\/\/elurbanoweb.com.ar\/diario\/?p=58839"},"modified":"2025-08-07T10:17:49","modified_gmt":"2025-08-07T13:17:49","slug":"la-intendente-fuentes-recibio-a-los-organizadores-de-una-competencia-atletica-de-alto-rendimiento","status":"publish","type":"post","link":"http:\/\/elurbanoweb.com.ar\/diario\/la-intendente-fuentes-recibio-a-los-organizadores-de-una-competencia-atletica-de-alto-rendimiento\/","title":{"rendered":"La intendente Fuentes recibi\u00f3 a los organizadores de una competencia atl\u00e9tica de alto rendimiento"},"content":{"rendered":"<p>La intendente de la Capital, Ing. Norma Fuentes, recibi\u00f3 en el sal\u00f3n de acuerdos a los organizadores de la 3\u00aa edici\u00f3n de la competencia Mortal Race que se desarrollar\u00e1 el pr\u00f3ximo domingo 10 de agosto en la costanera de la ciudad, a la vera del r\u00edo Dulce.<\/p>\n<p><img loading=\"lazy\" decoding=\"async\" class=\"alignnone wp-image-58840 size-full\" src=\"http:\/\/elurbanoweb.com.ar\/diario\/wp-content\/uploads\/2025\/08\/alto.jpg\" alt=\"\" width=\"843\" height=\"532\" srcset=\"http:\/\/elurbanoweb.com.ar\/diario\/wp-content\/uploads\/2025\/08\/alto.jpg 843w, http:\/\/elurbanoweb.com.ar\/diario\/wp-content\/uploads\/2025\/08\/alto-300x189.jpg 300w, http:\/\/elurbanoweb.com.ar\/diario\/wp-content\/uploads\/2025\/08\/alto-150x95.jpg 150w\" sizes=\"auto, (max-width: 843px) 100vw, 843px\" \/><\/p>\n<p><!--more--> La jefa comunal dialog\u00f3 con Walter Alberto Barraza, Florencia Paz y representantes de La Fusi\u00f3n Gym. Estuvo acompa\u00f1ada por el secretario de Gobierno, N\u00e9stor Machado, y el director de la Juventud, Luis Llanos.<\/p>\n<p>Los organizadores presentaron los detalles t\u00e9cnicos y log\u00edsticos de la tercera edici\u00f3n de esta competencia deportiva de alto rendimiento.<\/p>\n<p>El evento es considerado una de las competencias m\u00e1s desafiantes en el \u00e1mbito del Obstacle Course Racing (OCR) y ha sido designado este a\u00f1o como clasificatorio oficial para el campeonato OCR LATAM, lo que augura la llegada de atletas de elite de distintos puntos del pa\u00eds.<\/p>\n<p>Barraza y Paz destacaron que no solo pone a prueba el rendimiento f\u00edsico de los participantes, sino que tambi\u00e9n promueve valores como el trabajo en equipo, la superaci\u00f3n personal y la vida saludable. Asimismo, detallaron el recorrido que comprender\u00e1 aproximadamente 9 km, utilizando exclusivamente los espacios naturales de la ribera.<\/p>\n","protected":false},"excerpt":{"rendered":"<p>La intendente de la Capital, Ing. Norma Fuentes, recibi\u00f3 en el sal\u00f3n de acuerdos a los organizadores de la 3\u00aa edici\u00f3n de la competencia Mortal Race que se desarrollar\u00e1 el&hellip; <\/p>\n","protected":false},"author":1,"featured_media":58840,"comment_status":"closed","ping_status":"closed","sticky":false,"template":"","format":"standard","meta":{"footnotes":""},"categories":[3],"tags":[],"class_list":["post-58839","post","type-post","status-publish","format-standard","has-post-thumbnail","hentry","category-municipio"],"_links":{"self":[{"href":"http:\/\/elurbanoweb.com.ar\/diario\/wp-json\/wp\/v2\/posts\/58839","targetHints":{"allow":["GET"]}}],"collection":[{"href":"http:\/\/elurbanoweb.com.ar\/diario\/wp-json\/wp\/v2\/posts"}],"about":[{"href":"http:\/\/elurbanoweb.com.ar\/diario\/wp-json\/wp\/v2\/types\/post"}],"author":[{"embeddable":true,"href":"http:\/\/elurbanoweb.com.ar\/diario\/wp-json\/wp\/v2\/users\/1"}],"replies":[{"embeddable":true,"href":"http:\/\/elurbanoweb.com.ar\/diario\/wp-json\/wp\/v2\/comments?post=58839"}],"version-history":[{"count":1,"href":"http:\/\/elurbanoweb.com.ar\/diario\/wp-json\/wp\/v2\/posts\/58839\/revisions"}],"predecessor-version":[{"id":58841,"href":"http:\/\/elurbanoweb.com.ar\/diario\/wp-json\/wp\/v2\/posts\/58839\/revisions\/58841"}],"wp:featuredmedia":[{"embeddable":true,"href":"http:\/\/elurbanoweb.com.ar\/diario\/wp-json\/wp\/v2\/media\/58840"}],"wp:attachment":[{"href":"http:\/\/elurbanoweb.com.ar\/diario\/wp-json\/wp\/v2\/media?parent=58839"}],"wp:term":[{"taxonomy":"category","embeddable":true,"href":"http:\/\/elurbanoweb.com.ar\/diario\/wp-json\/wp\/v2\/categories?post=58839"},{"taxonomy":"post_tag","embeddable":true,"href":"http:\/\/elurbanoweb.com.ar\/diario\/wp-json\/wp\/v2\/tags?post=58839"}],"curies":[{"name":"wp","href":"https:\/\/api.w.org\/{rel}","templated":true}]}}