{"id":58842,"date":"2025-08-07T10:19:05","date_gmt":"2025-08-07T13:19:05","guid":{"rendered":"https:\/\/elurbanoweb.com.ar\/diario\/?p=58842"},"modified":"2025-08-07T10:19:05","modified_gmt":"2025-08-07T13:19:05","slug":"humanidades-lanza-la-especializacion-docente-de-nivel-superior-en-evaluacion-educativa","status":"publish","type":"post","link":"http:\/\/elurbanoweb.com.ar\/diario\/humanidades-lanza-la-especializacion-docente-de-nivel-superior-en-evaluacion-educativa\/","title":{"rendered":"Humanidades lanza la Especializaci\u00f3n Docente de Nivel Superior en Evaluaci\u00f3n Educativa"},"content":{"rendered":"<p>La Facultad de Humanidades, Ciencias Sociales y de la Salud de la Universidad Nacional de Santiago del Estero (UNSE) presenta una nueva propuesta de postitulo en convenio con la Asociaci\u00f3n de Docentes Independientes de los Niveles Medio y Terciario (ADIMyT). Se trata de la \u00abEspecializaci\u00f3n Docente de Nivel Superior en Evaluaci\u00f3n Educativa\u00bb, una oferta destinada a docentes de todos los niveles y modalidades.<\/p>\n<p><img loading=\"lazy\" decoding=\"async\" class=\"alignnone wp-image-58843 size-full\" src=\"http:\/\/elurbanoweb.com.ar\/diario\/wp-content\/uploads\/2025\/08\/educativa2.jpg\" alt=\"\" width=\"600\" height=\"400\" srcset=\"http:\/\/elurbanoweb.com.ar\/diario\/wp-content\/uploads\/2025\/08\/educativa2.jpg 600w, http:\/\/elurbanoweb.com.ar\/diario\/wp-content\/uploads\/2025\/08\/educativa2-300x200.jpg 300w, http:\/\/elurbanoweb.com.ar\/diario\/wp-content\/uploads\/2025\/08\/educativa2-150x100.jpg 150w\" sizes=\"auto, (max-width: 600px) 100vw, 600px\" \/><\/p>\n<p><!--more--><\/p>\n<p>Desde la organizaci\u00f3n destacaron que la especializaci\u00f3n ha sido dise\u00f1ada para dar respuesta a la creciente relevancia de la evaluaci\u00f3n en los \u00e1mbitos nacional, jurisdiccional, institucional y en los procesos de ense\u00f1anza-aprendizaje. La propuesta acad\u00e9mica cuenta con una carga total de 400 horas reloj y se desarrollar\u00e1 bajo una modalidad semipresencial a lo largo de ocho meses.<\/p>\n<p>El plan de estudios incluye seminarios que abordar\u00e1n tem\u00e1ticas fundamentales como evaluaci\u00f3n educativa, aproximaciones y enfoques; evaluaci\u00f3n de la ense\u00f1anza y el aprendizaje; evaluaci\u00f3n institucional; programas y proyectos a evaluar; evaluaci\u00f3n formativa; instrumentos de evaluaci\u00f3n y el uso de inteligencia artificial en la construcci\u00f3n de los mismos.<\/p>\n<p>Las inscripciones se encuentran abiertas y finalizar\u00e1n una vez que se complete el cupo disponible. Los interesados en obtener m\u00e1s informaci\u00f3n sobre el programa y el proceso de inscripci\u00f3n pueden dirigirse a los canales de comunicaci\u00f3n de ADIMyT o consultar en la Facultad de Humanidades, Ciencias Sociales y de la Salud.<\/p>\n<p>Informes e inscripci\u00f3n:<\/p>\n<p>Facebook: adimytcapacitadora<\/p>\n<p>Instagram: @adimytcapacitadora<\/p>\n<p>Correo electr\u00f3nico: adimytcapacitadora@gmail.com<\/p>\n<p>Tel\u00e9fonos (WhatsApp): 385-5854901 \/ 385-5738666<\/p>\n","protected":false},"excerpt":{"rendered":"<p>La Facultad de Humanidades, Ciencias Sociales y de la Salud de la Universidad Nacional de Santiago del Estero (UNSE) presenta una nueva propuesta de postitulo en convenio con la Asociaci\u00f3n&hellip; <\/p>\n","protected":false},"author":1,"featured_media":58843,"comment_status":"closed","ping_status":"closed","sticky":false,"template":"","format":"standard","meta":{"footnotes":""},"categories":[15],"tags":[],"class_list":["post-58842","post","type-post","status-publish","format-standard","has-post-thumbnail","hentry","category-unse"],"_links":{"self":[{"href":"http:\/\/elurbanoweb.com.ar\/diario\/wp-json\/wp\/v2\/posts\/58842","targetHints":{"allow":["GET"]}}],"collection":[{"href":"http:\/\/elurbanoweb.com.ar\/diario\/wp-json\/wp\/v2\/posts"}],"about":[{"href":"http:\/\/elurbanoweb.com.ar\/diario\/wp-json\/wp\/v2\/types\/post"}],"author":[{"embeddable":true,"href":"http:\/\/elurbanoweb.com.ar\/diario\/wp-json\/wp\/v2\/users\/1"}],"replies":[{"embeddable":true,"href":"http:\/\/elurbanoweb.com.ar\/diario\/wp-json\/wp\/v2\/comments?post=58842"}],"version-history":[{"count":1,"href":"http:\/\/elurbanoweb.com.ar\/diario\/wp-json\/wp\/v2\/posts\/58842\/revisions"}],"predecessor-version":[{"id":58844,"href":"http:\/\/elurbanoweb.com.ar\/diario\/wp-json\/wp\/v2\/posts\/58842\/revisions\/58844"}],"wp:featuredmedia":[{"embeddable":true,"href":"http:\/\/elurbanoweb.com.ar\/diario\/wp-json\/wp\/v2\/media\/58843"}],"wp:attachment":[{"href":"http:\/\/elurbanoweb.com.ar\/diario\/wp-json\/wp\/v2\/media?parent=58842"}],"wp:term":[{"taxonomy":"category","embeddable":true,"href":"http:\/\/elurbanoweb.com.ar\/diario\/wp-json\/wp\/v2\/categories?post=58842"},{"taxonomy":"post_tag","embeddable":true,"href":"http:\/\/elurbanoweb.com.ar\/diario\/wp-json\/wp\/v2\/tags?post=58842"}],"curies":[{"name":"wp","href":"https:\/\/api.w.org\/{rel}","templated":true}]}}