{"id":58852,"date":"2025-08-07T15:09:58","date_gmt":"2025-08-07T18:09:58","guid":{"rendered":"https:\/\/elurbanoweb.com.ar\/diario\/?p=58852"},"modified":"2025-08-07T15:09:58","modified_gmt":"2025-08-07T18:09:58","slug":"gerardo-zamora-y-yamandu-orsi-consolidan-vinculos-entre-santiago-del-estero-y-uruguay","status":"publish","type":"post","link":"http:\/\/elurbanoweb.com.ar\/diario\/gerardo-zamora-y-yamandu-orsi-consolidan-vinculos-entre-santiago-del-estero-y-uruguay\/","title":{"rendered":"Gerardo Zamora y Yamand\u00fa Orsi consolidan v\u00ednculos entre Santiago del Estero y Uruguay"},"content":{"rendered":"<p>En el marco de una visita oficial a Montevideo, el gobernador de Santiago del Estero, Dr. Gerardo Zamora, fue recibido en la jornada del mi\u00e9rcoles por el Presidente de la Rep\u00fablica Oriental del Uruguay, Yamand\u00fa Orsi, en la Residencia Presidencial.<\/p>\n<p><img loading=\"lazy\" decoding=\"async\" class=\"alignnone wp-image-58853 size-large\" src=\"http:\/\/elurbanoweb.com.ar\/diario\/wp-content\/uploads\/2025\/08\/orsi1-943x1024.jpg\" alt=\"\" width=\"943\" height=\"1024\" srcset=\"http:\/\/elurbanoweb.com.ar\/diario\/wp-content\/uploads\/2025\/08\/orsi1-943x1024.jpg 943w, http:\/\/elurbanoweb.com.ar\/diario\/wp-content\/uploads\/2025\/08\/orsi1-276x300.jpg 276w, http:\/\/elurbanoweb.com.ar\/diario\/wp-content\/uploads\/2025\/08\/orsi1-138x150.jpg 138w, http:\/\/elurbanoweb.com.ar\/diario\/wp-content\/uploads\/2025\/08\/orsi1-1415x1536.jpg 1415w, http:\/\/elurbanoweb.com.ar\/diario\/wp-content\/uploads\/2025\/08\/orsi1.jpg 1440w\" sizes=\"auto, (max-width: 943px) 100vw, 943px\" \/><\/p>\n<p><!--more--><\/p>\n<p>Durante el encuentro, del que tambi\u00e9n participaron el Secretario de la Presidencia, Alejandro S\u00e1nchez; el Canciller Mario Lubetkin y el Embajador uruguayo en Argentina, Diego C\u00e1nepa, se abordaron temas vinculados al fortalecimiento de las relaciones bilaterales, con especial \u00e9nfasis en la generaci\u00f3n de oportunidades comerciales y el intercambio tur\u00edstico y cultural entre la provincia y el pa\u00eds vecino.<\/p>\n<p>\u201cMi agradecimiento por la hospitalidad y la predisposici\u00f3n para estrechar lazos de amistad con nuestra provincia\u201d, expres\u00f3 Zamora tras la reuni\u00f3n.<\/p>\n<p>El gobernador se encuentra en Uruguay para participar este jueves del Smart Cities Summit 2025, un importante foro internacional organizado por el Diario El Observador, que cuenta con el respaldo de destacadas empresas tecnol\u00f3gicas de alcance global. La participaci\u00f3n de Santiago del Estero en este tipo de espacios refuerza el compromiso provincial con la innovaci\u00f3n, el desarrollo sustentable y la internacionalizaci\u00f3n de sus pol\u00edticas p\u00fablicas.<\/p>\n","protected":false},"excerpt":{"rendered":"<p>En el marco de una visita oficial a Montevideo, el gobernador de Santiago del Estero, Dr. Gerardo Zamora, fue recibido en la jornada del mi\u00e9rcoles por el Presidente de la&hellip; <\/p>\n","protected":false},"author":1,"featured_media":58853,"comment_status":"closed","ping_status":"closed","sticky":false,"template":"","format":"standard","meta":{"footnotes":""},"categories":[2],"tags":[],"class_list":["post-58852","post","type-post","status-publish","format-standard","has-post-thumbnail","hentry","category-gobierno"],"_links":{"self":[{"href":"http:\/\/elurbanoweb.com.ar\/diario\/wp-json\/wp\/v2\/posts\/58852","targetHints":{"allow":["GET"]}}],"collection":[{"href":"http:\/\/elurbanoweb.com.ar\/diario\/wp-json\/wp\/v2\/posts"}],"about":[{"href":"http:\/\/elurbanoweb.com.ar\/diario\/wp-json\/wp\/v2\/types\/post"}],"author":[{"embeddable":true,"href":"http:\/\/elurbanoweb.com.ar\/diario\/wp-json\/wp\/v2\/users\/1"}],"replies":[{"embeddable":true,"href":"http:\/\/elurbanoweb.com.ar\/diario\/wp-json\/wp\/v2\/comments?post=58852"}],"version-history":[{"count":1,"href":"http:\/\/elurbanoweb.com.ar\/diario\/wp-json\/wp\/v2\/posts\/58852\/revisions"}],"predecessor-version":[{"id":58854,"href":"http:\/\/elurbanoweb.com.ar\/diario\/wp-json\/wp\/v2\/posts\/58852\/revisions\/58854"}],"wp:featuredmedia":[{"embeddable":true,"href":"http:\/\/elurbanoweb.com.ar\/diario\/wp-json\/wp\/v2\/media\/58853"}],"wp:attachment":[{"href":"http:\/\/elurbanoweb.com.ar\/diario\/wp-json\/wp\/v2\/media?parent=58852"}],"wp:term":[{"taxonomy":"category","embeddable":true,"href":"http:\/\/elurbanoweb.com.ar\/diario\/wp-json\/wp\/v2\/categories?post=58852"},{"taxonomy":"post_tag","embeddable":true,"href":"http:\/\/elurbanoweb.com.ar\/diario\/wp-json\/wp\/v2\/tags?post=58852"}],"curies":[{"name":"wp","href":"https:\/\/api.w.org\/{rel}","templated":true}]}}