{"id":58855,"date":"2025-08-07T15:12:56","date_gmt":"2025-08-07T18:12:56","guid":{"rendered":"https:\/\/elurbanoweb.com.ar\/diario\/?p=58855"},"modified":"2025-08-07T15:12:56","modified_gmt":"2025-08-07T18:12:56","slug":"el-rector-de-la-unse-celebro-la-media-sancion-de-la-ley-de-financiamiento-universitario","status":"publish","type":"post","link":"http:\/\/elurbanoweb.com.ar\/diario\/el-rector-de-la-unse-celebro-la-media-sancion-de-la-ley-de-financiamiento-universitario\/","title":{"rendered":"El Rector de la UNSE celebr\u00f3 la media sanci\u00f3n de la Ley de Financiamiento Universitario"},"content":{"rendered":"<p>H\u00e9ctor Paz se mostr\u00f3 optimista tras la media sanci\u00f3n obtenida en Diputados. El proyecto busca garantizar recursos fijos y sostenibles para las universidades nacionales, en un contexto de precarizaci\u00f3n del sistema educativo.<\/p>\n<p><img loading=\"lazy\" decoding=\"async\" class=\"alignnone wp-image-58856 size-full\" src=\"http:\/\/elurbanoweb.com.ar\/diario\/wp-content\/uploads\/2025\/08\/contento.jpg\" alt=\"\" width=\"1010\" height=\"567\" srcset=\"http:\/\/elurbanoweb.com.ar\/diario\/wp-content\/uploads\/2025\/08\/contento.jpg 1010w, http:\/\/elurbanoweb.com.ar\/diario\/wp-content\/uploads\/2025\/08\/contento-300x168.jpg 300w, http:\/\/elurbanoweb.com.ar\/diario\/wp-content\/uploads\/2025\/08\/contento-150x84.jpg 150w\" sizes=\"auto, (max-width: 1010px) 100vw, 1010px\" \/><\/p>\n<p><!--more--><\/p>\n<p>En una jornada clave para la educaci\u00f3n superior p\u00fablica, la C\u00e1mara de Diputados aprob\u00f3 este mi\u00e9rcoles la media sanci\u00f3n de la Ley de Financiamiento Universitario, un proyecto que promete ser un cambio estructural para el sistema educativo nacional. La ley busca garantizar una asignaci\u00f3n estable de fondos a las universidades nacionales, asegurando su funcionamiento y fortalecimiento.<\/p>\n<p>El rector de la Universidad Nacional de Santiago del Estero (UNSE), H\u00e9ctor Paz, se refiri\u00f3 a la reciente aprobaci\u00f3n en una entrevista con Noticiero 7. \u201cEstamos esperanzados de que pase a la segunda instancia para su sanci\u00f3n y aprobaci\u00f3n definitiva. Creemos que es lo que las universidades necesitan. El sistema universitario hoy se encuentra debilitado por la falta de presupuesto, y queremos que esta ley pueda resarcir el estado en el cual nos encontramos\u201d, expres\u00f3 Paz.<\/p>\n<p>En sus declaraciones, Paz subray\u00f3 la importancia de la ley en un contexto donde las universidades han tenido que lidiar con recortes presupuestarios y asignaciones insuficientes que han puesto en peligro la calidad de la educaci\u00f3n y el desarrollo de las investigaciones. \u201cEstamos luchando por una soluci\u00f3n que permita el sostenimiento de nuestras universidades y el bienestar de nuestros estudiantes. Es vital que esta ley se convierta en un hecho concreto\u201d, agreg\u00f3 el rector.<\/p>\n","protected":false},"excerpt":{"rendered":"<p>H\u00e9ctor Paz se mostr\u00f3 optimista tras la media sanci\u00f3n obtenida en Diputados. El proyecto busca garantizar recursos fijos y sostenibles para las universidades nacionales, en un contexto de precarizaci\u00f3n del&hellip; <\/p>\n","protected":false},"author":1,"featured_media":58856,"comment_status":"closed","ping_status":"closed","sticky":false,"template":"","format":"standard","meta":{"footnotes":""},"categories":[15],"tags":[],"class_list":["post-58855","post","type-post","status-publish","format-standard","has-post-thumbnail","hentry","category-unse"],"_links":{"self":[{"href":"http:\/\/elurbanoweb.com.ar\/diario\/wp-json\/wp\/v2\/posts\/58855","targetHints":{"allow":["GET"]}}],"collection":[{"href":"http:\/\/elurbanoweb.com.ar\/diario\/wp-json\/wp\/v2\/posts"}],"about":[{"href":"http:\/\/elurbanoweb.com.ar\/diario\/wp-json\/wp\/v2\/types\/post"}],"author":[{"embeddable":true,"href":"http:\/\/elurbanoweb.com.ar\/diario\/wp-json\/wp\/v2\/users\/1"}],"replies":[{"embeddable":true,"href":"http:\/\/elurbanoweb.com.ar\/diario\/wp-json\/wp\/v2\/comments?post=58855"}],"version-history":[{"count":1,"href":"http:\/\/elurbanoweb.com.ar\/diario\/wp-json\/wp\/v2\/posts\/58855\/revisions"}],"predecessor-version":[{"id":58857,"href":"http:\/\/elurbanoweb.com.ar\/diario\/wp-json\/wp\/v2\/posts\/58855\/revisions\/58857"}],"wp:featuredmedia":[{"embeddable":true,"href":"http:\/\/elurbanoweb.com.ar\/diario\/wp-json\/wp\/v2\/media\/58856"}],"wp:attachment":[{"href":"http:\/\/elurbanoweb.com.ar\/diario\/wp-json\/wp\/v2\/media?parent=58855"}],"wp:term":[{"taxonomy":"category","embeddable":true,"href":"http:\/\/elurbanoweb.com.ar\/diario\/wp-json\/wp\/v2\/categories?post=58855"},{"taxonomy":"post_tag","embeddable":true,"href":"http:\/\/elurbanoweb.com.ar\/diario\/wp-json\/wp\/v2\/tags?post=58855"}],"curies":[{"name":"wp","href":"https:\/\/api.w.org\/{rel}","templated":true}]}}