{"id":58858,"date":"2025-08-07T15:14:09","date_gmt":"2025-08-07T18:14:09","guid":{"rendered":"https:\/\/elurbanoweb.com.ar\/diario\/?p=58858"},"modified":"2025-08-07T15:14:09","modified_gmt":"2025-08-07T18:14:09","slug":"la-municipalidad-de-la-banda-promueve-habitos-saludables-y-economia-social-a-traves-del-mercadito-saludable","status":"publish","type":"post","link":"http:\/\/elurbanoweb.com.ar\/diario\/la-municipalidad-de-la-banda-promueve-habitos-saludables-y-economia-social-a-traves-del-mercadito-saludable\/","title":{"rendered":"La Municipalidad de La Banda promueve h\u00e1bitos saludables y econom\u00eda social a trav\u00e9s del \u201cMercadito Saludable\u201d"},"content":{"rendered":"<p>El intendente de la ciudad de La Banda, Ing. Roger El\u00edas Nediani, particip\u00f3 de una nueva edici\u00f3n del Mercadito Saludable, una iniciativa de la Oficina de Emprendedores, dependiente de la Secretar\u00eda de Coordinaci\u00f3n y Desarrollo Territorial, que busca fomentar el consumo consciente, los h\u00e1bitos saludables y el fortalecimiento de la econom\u00eda social local.<\/p>\n<p><img loading=\"lazy\" decoding=\"async\" class=\"alignnone wp-image-58859 size-full\" src=\"http:\/\/elurbanoweb.com.ar\/diario\/wp-content\/uploads\/2025\/08\/saludable1.jpg\" alt=\"\" width=\"1010\" height=\"567\" srcset=\"http:\/\/elurbanoweb.com.ar\/diario\/wp-content\/uploads\/2025\/08\/saludable1.jpg 1010w, http:\/\/elurbanoweb.com.ar\/diario\/wp-content\/uploads\/2025\/08\/saludable1-300x168.jpg 300w, http:\/\/elurbanoweb.com.ar\/diario\/wp-content\/uploads\/2025\/08\/saludable1-150x84.jpg 150w\" sizes=\"auto, (max-width: 1010px) 100vw, 1010px\" \/><\/p>\n<p><!--more--><\/p>\n<p>La actividad se desarroll\u00f3 en la intersecci\u00f3n de Avenidas Belgrano y Besares, uno de los puntos tradicionales de la ciudad, donde diversos emprendedores locales expusieron y comercializaron productos saludables, elaborados con materias primas naturales y t\u00e9cnicas respetuosas del ambiente y de la salud.<\/p>\n<p>\u201cLa verdad que estamos muy contentos con esta propuesta que representa una nueva mirada de desarrollo para nuestra ciudad. A trav\u00e9s de este espacio, los vecinos pueden acceder a productos elaborados artesanalmente, como panificados integrales, alimentos aptos para cel\u00edacos, escabeches sin conservantes y verduras org\u00e1nicas, todo hecho por bande\u00f1os que se capacitan y trabajan con compromiso\u201d, expres\u00f3 el intendente.<\/p>\n<p>Durante su recorrido, Nediani dialog\u00f3 con los emprendedores, quienes compartieron sus experiencias y destacaron el impacto positivo que el espacio tiene tanto en lo econ\u00f3mico como en la posibilidad de difundir sus marcas.<\/p>\n<p>El jefe comunal tambi\u00e9n puso en valor el rol formativo del municipio: \u201cMuchos de los que hoy est\u00e1n aqu\u00ed han pasado por los talleres que ofrece nuestra Direcci\u00f3n de Desarrollo Social, como los cursos de panificaci\u00f3n, electricidad, y oficios. Es muy gratificante ver que esos espacios de formaci\u00f3n dan frutos y que hoy se transforman en emprendimientos que generan ingresos y sue\u00f1os cumplidos.\u201d<\/p>\n<p>El Mercadito Saludable tambi\u00e9n incluy\u00f3 la participaci\u00f3n de emprendimientos de producci\u00f3n hidrop\u00f3nica, en articulaci\u00f3n con t\u00e9cnicos e ingenieros locales, as\u00ed como con el acompa\u00f1amiento del INTA, para garantizar productos frescos, libres de agroqu\u00edmicos y cultivados de manera responsable.<\/p>\n<p>El intendente invit\u00f3 a quienes deseen emprender a acercarse al municipio: \u201cEl bande\u00f1o por naturaleza es emprendedor, innovador y trabajador. Por eso, desde esta gesti\u00f3n vamos a seguir acompa\u00f1ando e impulsando estos espacios. Invitamos a quienes tengan una idea o proyecto, a que se acerquen a la Oficina de Emprendedores o a la Secretar\u00eda de Desarrollo Territorial, donde van a recibir asesoramiento, herramientas y acompa\u00f1amiento para dar sus primeros pasos.\u201d<\/p>\n<p>Con esta iniciativa, la Municipalidad de La Banda reafirma su compromiso con el desarrollo local, el trabajo autogestivo y la promoci\u00f3n de h\u00e1bitos saludables, apostando a una ciudad m\u00e1s sustentable, inclusiva y solidaria.<\/p>\n","protected":false},"excerpt":{"rendered":"<p>El intendente de la ciudad de La Banda, Ing. Roger El\u00edas Nediani, particip\u00f3 de una nueva edici\u00f3n del Mercadito Saludable, una iniciativa de la Oficina de Emprendedores, dependiente de la&hellip; <\/p>\n","protected":false},"author":1,"featured_media":58859,"comment_status":"closed","ping_status":"closed","sticky":false,"template":"","format":"standard","meta":{"footnotes":""},"categories":[9],"tags":[],"class_list":["post-58858","post","type-post","status-publish","format-standard","has-post-thumbnail","hentry","category-la-banda"],"_links":{"self":[{"href":"http:\/\/elurbanoweb.com.ar\/diario\/wp-json\/wp\/v2\/posts\/58858","targetHints":{"allow":["GET"]}}],"collection":[{"href":"http:\/\/elurbanoweb.com.ar\/diario\/wp-json\/wp\/v2\/posts"}],"about":[{"href":"http:\/\/elurbanoweb.com.ar\/diario\/wp-json\/wp\/v2\/types\/post"}],"author":[{"embeddable":true,"href":"http:\/\/elurbanoweb.com.ar\/diario\/wp-json\/wp\/v2\/users\/1"}],"replies":[{"embeddable":true,"href":"http:\/\/elurbanoweb.com.ar\/diario\/wp-json\/wp\/v2\/comments?post=58858"}],"version-history":[{"count":1,"href":"http:\/\/elurbanoweb.com.ar\/diario\/wp-json\/wp\/v2\/posts\/58858\/revisions"}],"predecessor-version":[{"id":58860,"href":"http:\/\/elurbanoweb.com.ar\/diario\/wp-json\/wp\/v2\/posts\/58858\/revisions\/58860"}],"wp:featuredmedia":[{"embeddable":true,"href":"http:\/\/elurbanoweb.com.ar\/diario\/wp-json\/wp\/v2\/media\/58859"}],"wp:attachment":[{"href":"http:\/\/elurbanoweb.com.ar\/diario\/wp-json\/wp\/v2\/media?parent=58858"}],"wp:term":[{"taxonomy":"category","embeddable":true,"href":"http:\/\/elurbanoweb.com.ar\/diario\/wp-json\/wp\/v2\/categories?post=58858"},{"taxonomy":"post_tag","embeddable":true,"href":"http:\/\/elurbanoweb.com.ar\/diario\/wp-json\/wp\/v2\/tags?post=58858"}],"curies":[{"name":"wp","href":"https:\/\/api.w.org\/{rel}","templated":true}]}}