{"id":58861,"date":"2025-08-07T15:15:00","date_gmt":"2025-08-07T18:15:00","guid":{"rendered":"https:\/\/elurbanoweb.com.ar\/diario\/?p=58861"},"modified":"2025-08-07T15:15:00","modified_gmt":"2025-08-07T18:15:00","slug":"desde-montevideo-uruguay-el-gobernador-expone-sobre-santiago-en-la-smart-cities-summit-2025","status":"publish","type":"post","link":"http:\/\/elurbanoweb.com.ar\/diario\/desde-montevideo-uruguay-el-gobernador-expone-sobre-santiago-en-la-smart-cities-summit-2025\/","title":{"rendered":"Desde Montevideo, Uruguay el gobernador expone sobre Santiago en la Smart Cities Summit 2025"},"content":{"rendered":"<p>Gerardo Zamora, participa este jueves del Smart Cities Summit 2025, un destacado encuentro internacional que se desarrolla en Montevideo, Uruguay, organizado por el diario El Observador y con la participaci\u00f3n de gobiernos, especialistas y empresas tecnol\u00f3gicas de nivel global.<\/p>\n<p><img loading=\"lazy\" decoding=\"async\" class=\"alignnone wp-image-58862 size-full\" src=\"http:\/\/elurbanoweb.com.ar\/diario\/wp-content\/uploads\/2025\/08\/montevideo.jpg\" alt=\"\" width=\"800\" height=\"533\" srcset=\"http:\/\/elurbanoweb.com.ar\/diario\/wp-content\/uploads\/2025\/08\/montevideo.jpg 800w, http:\/\/elurbanoweb.com.ar\/diario\/wp-content\/uploads\/2025\/08\/montevideo-300x200.jpg 300w, http:\/\/elurbanoweb.com.ar\/diario\/wp-content\/uploads\/2025\/08\/montevideo-150x100.jpg 150w\" sizes=\"auto, (max-width: 800px) 100vw, 800px\" \/><\/p>\n<p><!--more--><\/p>\n<p>El evento convoca a referentes de distintos pa\u00edses para debatir sobre el futuro de las ciudades, el rol de la tecnolog\u00eda en la gesti\u00f3n p\u00fablica y las soluciones inteligentes aplicadas a contextos urbanos y rurales.<\/p>\n","protected":false},"excerpt":{"rendered":"<p>Gerardo Zamora, participa este jueves del Smart Cities Summit 2025, un destacado encuentro internacional que se desarrolla en Montevideo, Uruguay, organizado por el diario El Observador y con la participaci\u00f3n&hellip; <\/p>\n","protected":false},"author":1,"featured_media":58862,"comment_status":"closed","ping_status":"closed","sticky":false,"template":"","format":"standard","meta":{"footnotes":""},"categories":[2],"tags":[],"class_list":["post-58861","post","type-post","status-publish","format-standard","has-post-thumbnail","hentry","category-gobierno"],"_links":{"self":[{"href":"http:\/\/elurbanoweb.com.ar\/diario\/wp-json\/wp\/v2\/posts\/58861","targetHints":{"allow":["GET"]}}],"collection":[{"href":"http:\/\/elurbanoweb.com.ar\/diario\/wp-json\/wp\/v2\/posts"}],"about":[{"href":"http:\/\/elurbanoweb.com.ar\/diario\/wp-json\/wp\/v2\/types\/post"}],"author":[{"embeddable":true,"href":"http:\/\/elurbanoweb.com.ar\/diario\/wp-json\/wp\/v2\/users\/1"}],"replies":[{"embeddable":true,"href":"http:\/\/elurbanoweb.com.ar\/diario\/wp-json\/wp\/v2\/comments?post=58861"}],"version-history":[{"count":1,"href":"http:\/\/elurbanoweb.com.ar\/diario\/wp-json\/wp\/v2\/posts\/58861\/revisions"}],"predecessor-version":[{"id":58863,"href":"http:\/\/elurbanoweb.com.ar\/diario\/wp-json\/wp\/v2\/posts\/58861\/revisions\/58863"}],"wp:featuredmedia":[{"embeddable":true,"href":"http:\/\/elurbanoweb.com.ar\/diario\/wp-json\/wp\/v2\/media\/58862"}],"wp:attachment":[{"href":"http:\/\/elurbanoweb.com.ar\/diario\/wp-json\/wp\/v2\/media?parent=58861"}],"wp:term":[{"taxonomy":"category","embeddable":true,"href":"http:\/\/elurbanoweb.com.ar\/diario\/wp-json\/wp\/v2\/categories?post=58861"},{"taxonomy":"post_tag","embeddable":true,"href":"http:\/\/elurbanoweb.com.ar\/diario\/wp-json\/wp\/v2\/tags?post=58861"}],"curies":[{"name":"wp","href":"https:\/\/api.w.org\/{rel}","templated":true}]}}