{"id":58864,"date":"2025-08-07T15:17:09","date_gmt":"2025-08-07T18:17:09","guid":{"rendered":"https:\/\/elurbanoweb.com.ar\/diario\/?p=58864"},"modified":"2025-08-07T15:17:09","modified_gmt":"2025-08-07T18:17:09","slug":"el-29-de-agosto-se-realizara-la-9-edicion-del-rally-latinoamericano-de-innovacion","status":"publish","type":"post","link":"http:\/\/elurbanoweb.com.ar\/diario\/el-29-de-agosto-se-realizara-la-9-edicion-del-rally-latinoamericano-de-innovacion\/","title":{"rendered":"El 29 de agosto se realizar\u00e1 la 9\u00b0 Edici\u00f3n del Rally Latinoamericano de Innovaci\u00f3n"},"content":{"rendered":"<p>Con gran expectativa se realiz\u00f3 este jueves el anuncio de la novena edici\u00f3n del Rally de Innovaci\u00f3n \u201cSantiago te desaf\u00eda\u201d, que se desarrollar\u00e1 el viernes 29 de agosto de 9 a 19 hs, en el Nodo Tecnol\u00f3gico del Parque Industrial de La Banda.<\/p>\n<p><img loading=\"lazy\" decoding=\"async\" class=\"alignnone wp-image-58865 size-large\" src=\"http:\/\/elurbanoweb.com.ar\/diario\/wp-content\/uploads\/2025\/08\/rally-1024x682.jpg\" alt=\"\" width=\"1024\" height=\"682\" srcset=\"http:\/\/elurbanoweb.com.ar\/diario\/wp-content\/uploads\/2025\/08\/rally-1024x682.jpg 1024w, http:\/\/elurbanoweb.com.ar\/diario\/wp-content\/uploads\/2025\/08\/rally-300x200.jpg 300w, http:\/\/elurbanoweb.com.ar\/diario\/wp-content\/uploads\/2025\/08\/rally-150x100.jpg 150w, http:\/\/elurbanoweb.com.ar\/diario\/wp-content\/uploads\/2025\/08\/rally-1536x1024.jpg 1536w, http:\/\/elurbanoweb.com.ar\/diario\/wp-content\/uploads\/2025\/08\/rally-2048x1365.jpg 2048w\" sizes=\"auto, (max-width: 1024px) 100vw, 1024px\" \/><\/p>\n<p><!--more--><\/p>\n<p>El secretario de Ciencia y Tecnolog\u00eda de la provincia, Adri\u00e1n Su\u00e1rez, hizo el anuncio junto con los rectores H\u00e9ctor Paz, de la Universidad Nacional, y Luis Lucena, de la Universidad Cat\u00f3lica de Santiago del Estero; el director del Inta local, Mario Mondino, y el director del Inti, Ramiro Casoliba.<\/p>\n<p>El rally est\u00e1 destinado a estudiantes universitarios de todas las carreras, principalmente alumnos de ingenier\u00eda con una edad m\u00ednima de 18 a\u00f1os; tambi\u00e9n a j\u00f3venes que cursan el segundo a\u00f1o en el Instituto Tecnol\u00f3gico de Santiago del Estero (Itse) y en escuelas t\u00e9cnicas que tengan los 18 a\u00f1os cumplidos.<\/p>\n<p>El formato de la competici\u00f3n es en equipos de 4 a 8 integrantes y que deben tener entre sus miembros un estudiante de carreras de ingenier\u00eda de la provincia, una mujer y un estudiante de una escuela t\u00e9cnica de la provincia.<\/p>\n<p>Mientras desarrollan el desaf\u00edo podr\u00e1n recibir el asesoramiento de docentes, investigadores, egresados y profesionales que tienen que inscribirse como tales. La competencia dura una jornada, al final de la cual cada equipo tendr\u00e1 que presentar un v\u00eddeo de 2 minutos y un reporte de resoluci\u00f3n del desaf\u00edo. Se premiar\u00e1 en dos categor\u00edas: Innovaci\u00f3n e Impacto social.<\/p>\n<p>Dicho evento es organizado por el Sistema Integrado de Ciencia, Innovaci\u00f3n y Tecnolog\u00eda de Santiago del Estero, constituido por la Secretar\u00eda Ciencia y Tecnolog\u00eda de la provincia, la Unse, la Ucse, el Inta y el Inti.<\/p>\n<p>La inscripci\u00f3n permanecer\u00e1 abierta hasta el 29 de agosto a las 7 hs en las siguientes p\u00e1ginas web: www.santiagotedesafia.gob.ar y www.santiagotedesafia.unse.edu.ar<\/p>\n","protected":false},"excerpt":{"rendered":"<p>Con gran expectativa se realiz\u00f3 este jueves el anuncio de la novena edici\u00f3n del Rally de Innovaci\u00f3n \u201cSantiago te desaf\u00eda\u201d, que se desarrollar\u00e1 el viernes 29 de agosto de 9&hellip; <\/p>\n","protected":false},"author":1,"featured_media":58865,"comment_status":"closed","ping_status":"closed","sticky":false,"template":"","format":"standard","meta":{"footnotes":""},"categories":[16],"tags":[],"class_list":["post-58864","post","type-post","status-publish","format-standard","has-post-thumbnail","hentry","category-locales"],"_links":{"self":[{"href":"http:\/\/elurbanoweb.com.ar\/diario\/wp-json\/wp\/v2\/posts\/58864","targetHints":{"allow":["GET"]}}],"collection":[{"href":"http:\/\/elurbanoweb.com.ar\/diario\/wp-json\/wp\/v2\/posts"}],"about":[{"href":"http:\/\/elurbanoweb.com.ar\/diario\/wp-json\/wp\/v2\/types\/post"}],"author":[{"embeddable":true,"href":"http:\/\/elurbanoweb.com.ar\/diario\/wp-json\/wp\/v2\/users\/1"}],"replies":[{"embeddable":true,"href":"http:\/\/elurbanoweb.com.ar\/diario\/wp-json\/wp\/v2\/comments?post=58864"}],"version-history":[{"count":1,"href":"http:\/\/elurbanoweb.com.ar\/diario\/wp-json\/wp\/v2\/posts\/58864\/revisions"}],"predecessor-version":[{"id":58866,"href":"http:\/\/elurbanoweb.com.ar\/diario\/wp-json\/wp\/v2\/posts\/58864\/revisions\/58866"}],"wp:featuredmedia":[{"embeddable":true,"href":"http:\/\/elurbanoweb.com.ar\/diario\/wp-json\/wp\/v2\/media\/58865"}],"wp:attachment":[{"href":"http:\/\/elurbanoweb.com.ar\/diario\/wp-json\/wp\/v2\/media?parent=58864"}],"wp:term":[{"taxonomy":"category","embeddable":true,"href":"http:\/\/elurbanoweb.com.ar\/diario\/wp-json\/wp\/v2\/categories?post=58864"},{"taxonomy":"post_tag","embeddable":true,"href":"http:\/\/elurbanoweb.com.ar\/diario\/wp-json\/wp\/v2\/tags?post=58864"}],"curies":[{"name":"wp","href":"https:\/\/api.w.org\/{rel}","templated":true}]}}