{"id":58867,"date":"2025-08-08T00:16:30","date_gmt":"2025-08-08T03:16:30","guid":{"rendered":"http:\/\/elurbanoweb.com.ar\/diario\/?p=58867"},"modified":"2025-08-08T00:16:30","modified_gmt":"2025-08-08T03:16:30","slug":"el-municipio-agasajo-a-los-abuelos-bandenos-con-un-encuentro-recreativo","status":"publish","type":"post","link":"http:\/\/elurbanoweb.com.ar\/diario\/el-municipio-agasajo-a-los-abuelos-bandenos-con-un-encuentro-recreativo\/","title":{"rendered":"El municipio agasaj\u00f3 a los abuelos bande\u00f1os con un encuentro recreativo"},"content":{"rendered":"<p>La Secretar\u00eda de Salud de la Municipalidad de La Banda, organiz\u00f3 un encuentro para agasajar y celebrar a los adultos mayores, d\u00f3nde participaron los centros y asociaciones de jubilados bande\u00f1os.<\/p>\n<p><img loading=\"lazy\" decoding=\"async\" class=\"alignnone wp-image-58868 size-full\" src=\"http:\/\/elurbanoweb.com.ar\/diario\/wp-content\/uploads\/2025\/08\/encuentro3.jpg\" alt=\"\" width=\"1010\" height=\"567\" srcset=\"http:\/\/elurbanoweb.com.ar\/diario\/wp-content\/uploads\/2025\/08\/encuentro3.jpg 1010w, http:\/\/elurbanoweb.com.ar\/diario\/wp-content\/uploads\/2025\/08\/encuentro3-300x168.jpg 300w, http:\/\/elurbanoweb.com.ar\/diario\/wp-content\/uploads\/2025\/08\/encuentro3-150x84.jpg 150w\" sizes=\"auto, (max-width: 1010px) 100vw, 1010px\" \/><\/p>\n<p><!--more--><\/p>\n<p>Dicha actividad cont\u00f3 con la presencia del viceintendente, Lic. Gabriel Santill\u00e1n, Secretario de Salud, Julio C\u00e9sar Scabuzzo; director de Salud, Leonardo Jaimez Caro, y la responsable de la Oficina del Adulto Mayor, Joana Serrano.<\/p>\n<p>El encuentro incluy\u00f3 clases de ritmos, la actuaci\u00f3n especial de la Academia de Danzas Folcl\u00f3ricas \u201cLa Siempre Alegre\u201d, sorteos de importantes premios y m\u00fasica del recuerdo en vivo. Asimismo, colaboraron con el evento las direcciones de Juventud y Deportes y Alerta Banda.<\/p>\n<p>En la oportunidad, el secretario de Salud, Julio C\u00e9sar Scabuzzo, destac\u00f3: \u201cHoy, por poner una fecha y un d\u00eda, planificamos festejar el D\u00eda del Abuelo. Pero en realidad, los abuelos son siempre parte de nuestra vida, son nuestra vida.<\/p>\n<p>Sabemos de la sensibilidad de nuestro intendente Roger El\u00edas Nediani y su sentimiento por los abuelos. As\u00ed que no bast\u00f3 m\u00e1s que transmitirle la idea y lo que ten\u00edamos planeado y en el acto dijo que s\u00ed.<\/p>\n<p>Por lo tanto, hoy tenemos juegos l\u00fadicos y personal de los CAMM est\u00e1n realizando control de todo lo saludable desde una dieta hasta la presi\u00f3n arterial. Tambi\u00e9n hay clases de danza a cargo de instructoras de educaci\u00f3n f\u00edsica y sorteos de importantes premios.<\/p>\n<p>Todo esto que describo, en realidad lo hacemos, por lo menos, una vez cada quince d\u00edas. Son todas actividades que la Secretar\u00eda de Salud impulsa en beneficio de los adultos mayores\u201d.<\/p>\n<p>Finalmente, cabe destacar que la C\u00e1mara de Diputados de la Provincia de Santiago del Estero declar\u00f3 de Inter\u00e9s Legislativo esta jornada organizada por la Secretar\u00eda de Salud de la municipalidad de La Banda para Celebrar a los Abuelos.<\/p>\n","protected":false},"excerpt":{"rendered":"<p>La Secretar\u00eda de Salud de la Municipalidad de La Banda, organiz\u00f3 un encuentro para agasajar y celebrar a los adultos mayores, d\u00f3nde participaron los centros y asociaciones de jubilados bande\u00f1os.<\/p>\n","protected":false},"author":1,"featured_media":58868,"comment_status":"closed","ping_status":"closed","sticky":false,"template":"","format":"standard","meta":{"footnotes":""},"categories":[9],"tags":[],"class_list":["post-58867","post","type-post","status-publish","format-standard","has-post-thumbnail","hentry","category-la-banda"],"_links":{"self":[{"href":"http:\/\/elurbanoweb.com.ar\/diario\/wp-json\/wp\/v2\/posts\/58867","targetHints":{"allow":["GET"]}}],"collection":[{"href":"http:\/\/elurbanoweb.com.ar\/diario\/wp-json\/wp\/v2\/posts"}],"about":[{"href":"http:\/\/elurbanoweb.com.ar\/diario\/wp-json\/wp\/v2\/types\/post"}],"author":[{"embeddable":true,"href":"http:\/\/elurbanoweb.com.ar\/diario\/wp-json\/wp\/v2\/users\/1"}],"replies":[{"embeddable":true,"href":"http:\/\/elurbanoweb.com.ar\/diario\/wp-json\/wp\/v2\/comments?post=58867"}],"version-history":[{"count":1,"href":"http:\/\/elurbanoweb.com.ar\/diario\/wp-json\/wp\/v2\/posts\/58867\/revisions"}],"predecessor-version":[{"id":58869,"href":"http:\/\/elurbanoweb.com.ar\/diario\/wp-json\/wp\/v2\/posts\/58867\/revisions\/58869"}],"wp:featuredmedia":[{"embeddable":true,"href":"http:\/\/elurbanoweb.com.ar\/diario\/wp-json\/wp\/v2\/media\/58868"}],"wp:attachment":[{"href":"http:\/\/elurbanoweb.com.ar\/diario\/wp-json\/wp\/v2\/media?parent=58867"}],"wp:term":[{"taxonomy":"category","embeddable":true,"href":"http:\/\/elurbanoweb.com.ar\/diario\/wp-json\/wp\/v2\/categories?post=58867"},{"taxonomy":"post_tag","embeddable":true,"href":"http:\/\/elurbanoweb.com.ar\/diario\/wp-json\/wp\/v2\/tags?post=58867"}],"curies":[{"name":"wp","href":"https:\/\/api.w.org\/{rel}","templated":true}]}}