{"id":58870,"date":"2025-08-08T00:18:25","date_gmt":"2025-08-08T03:18:25","guid":{"rendered":"https:\/\/elurbanoweb.com.ar\/diario\/?p=58870"},"modified":"2025-08-08T00:18:25","modified_gmt":"2025-08-08T03:18:25","slug":"la-banda-se-suma-a-la-colecta-solidaria-de-sangre-y-registro-de-medula-osea-en-el-camm-n6-de-el-rincon","status":"publish","type":"post","link":"http:\/\/elurbanoweb.com.ar\/diario\/la-banda-se-suma-a-la-colecta-solidaria-de-sangre-y-registro-de-medula-osea-en-el-camm-n6-de-el-rincon\/","title":{"rendered":"La Banda se suma a la colecta solidaria de sangre y registro de m\u00e9dula \u00f3sea en el CAMM N\u00b06 de El Rinc\u00f3n"},"content":{"rendered":"<p>En una nueva acci\u00f3n articulada por la Secretar\u00eda de Salud de la Municipalidad de La Banda, el pr\u00f3ximo jueves 14 de agosto, se realizar\u00e1 una colecta de sangre y registro de donantes de m\u00e9dula \u00f3sea en el CAMM N\u00b06 del barrio El Rinc\u00f3n, de 8:30 a 12:30 hs.<\/p>\n<p><img loading=\"lazy\" decoding=\"async\" class=\"alignnone wp-image-58871 size-full\" src=\"http:\/\/elurbanoweb.com.ar\/diario\/wp-content\/uploads\/2025\/08\/solidaria.jpg\" alt=\"\" width=\"1010\" height=\"567\" srcset=\"http:\/\/elurbanoweb.com.ar\/diario\/wp-content\/uploads\/2025\/08\/solidaria.jpg 1010w, http:\/\/elurbanoweb.com.ar\/diario\/wp-content\/uploads\/2025\/08\/solidaria-300x168.jpg 300w, http:\/\/elurbanoweb.com.ar\/diario\/wp-content\/uploads\/2025\/08\/solidaria-150x84.jpg 150w\" sizes=\"auto, (max-width: 1010px) 100vw, 1010px\" \/><!--more--><\/p>\n<p>La actividad se enmarca en las pol\u00edticas de salud comunitaria que impulsa la gesti\u00f3n del intendente Roger El\u00edas Nediani, con el objetivo de promover la donaci\u00f3n voluntaria, concientizar sobre su importancia y contribuir con el Banco de Sangre de la provincia.<\/p>\n<p>Durante la jornada, vecinos y vecinas podr\u00e1n acercarse de forma voluntaria para donar sangre y registrarse como potenciales donantes de m\u00e9dula \u00f3sea, fortaleciendo as\u00ed el sistema de salud p\u00fablica y salvando vidas a trav\u00e9s de un gesto altruista y solidario.<\/p>\n<p>El secretario de Salud, Dr. Julio C\u00e9sar Scabuzzo, expres\u00f3: \u201cDonar sangre es un acto de amor an\u00f3nimo que puede marcar la diferencia entre la vida y la muerte para muchas personas. Desde nuestra Secretar\u00eda trabajamos para acercar estos espacios a los barrios, porque entendemos que la salud tambi\u00e9n se construye con la participaci\u00f3n activa de la comunidad.\u201d<\/p>\n<p>Estas acciones forman parte de una pol\u00edtica de cercan\u00eda y prevenci\u00f3n impulsada por el municipio, con un fuerte compromiso por garantizar el acceso a la salud desde una mirada integral, comunitaria y solidaria<\/p>\n","protected":false},"excerpt":{"rendered":"<p>En una nueva acci\u00f3n articulada por la Secretar\u00eda de Salud de la Municipalidad de La Banda, el pr\u00f3ximo jueves 14 de agosto, se realizar\u00e1 una colecta de sangre y registro&hellip; <\/p>\n","protected":false},"author":1,"featured_media":58871,"comment_status":"closed","ping_status":"closed","sticky":false,"template":"","format":"standard","meta":{"footnotes":""},"categories":[9],"tags":[],"class_list":["post-58870","post","type-post","status-publish","format-standard","has-post-thumbnail","hentry","category-la-banda"],"_links":{"self":[{"href":"http:\/\/elurbanoweb.com.ar\/diario\/wp-json\/wp\/v2\/posts\/58870","targetHints":{"allow":["GET"]}}],"collection":[{"href":"http:\/\/elurbanoweb.com.ar\/diario\/wp-json\/wp\/v2\/posts"}],"about":[{"href":"http:\/\/elurbanoweb.com.ar\/diario\/wp-json\/wp\/v2\/types\/post"}],"author":[{"embeddable":true,"href":"http:\/\/elurbanoweb.com.ar\/diario\/wp-json\/wp\/v2\/users\/1"}],"replies":[{"embeddable":true,"href":"http:\/\/elurbanoweb.com.ar\/diario\/wp-json\/wp\/v2\/comments?post=58870"}],"version-history":[{"count":1,"href":"http:\/\/elurbanoweb.com.ar\/diario\/wp-json\/wp\/v2\/posts\/58870\/revisions"}],"predecessor-version":[{"id":58872,"href":"http:\/\/elurbanoweb.com.ar\/diario\/wp-json\/wp\/v2\/posts\/58870\/revisions\/58872"}],"wp:featuredmedia":[{"embeddable":true,"href":"http:\/\/elurbanoweb.com.ar\/diario\/wp-json\/wp\/v2\/media\/58871"}],"wp:attachment":[{"href":"http:\/\/elurbanoweb.com.ar\/diario\/wp-json\/wp\/v2\/media?parent=58870"}],"wp:term":[{"taxonomy":"category","embeddable":true,"href":"http:\/\/elurbanoweb.com.ar\/diario\/wp-json\/wp\/v2\/categories?post=58870"},{"taxonomy":"post_tag","embeddable":true,"href":"http:\/\/elurbanoweb.com.ar\/diario\/wp-json\/wp\/v2\/tags?post=58870"}],"curies":[{"name":"wp","href":"https:\/\/api.w.org\/{rel}","templated":true}]}}