{"id":58873,"date":"2025-08-08T00:20:23","date_gmt":"2025-08-08T03:20:23","guid":{"rendered":"https:\/\/elurbanoweb.com.ar\/diario\/?p=58873"},"modified":"2025-08-08T00:20:23","modified_gmt":"2025-08-08T03:20:23","slug":"alumnos-de-la-escuela-amadeo-jaques-visitaron-casa-de-gobierno","status":"publish","type":"post","link":"http:\/\/elurbanoweb.com.ar\/diario\/alumnos-de-la-escuela-amadeo-jaques-visitaron-casa-de-gobierno\/","title":{"rendered":"Alumnos de la Escuela Amadeo Jaques visitaron Casa de Gobierno"},"content":{"rendered":"<p>El Ministro de Gobierno, Seguridad y Culto, Marcelo Barbur, recibi\u00f3 en Casa de Gobierno la visita de alumnos de la Escuela Amadeo Jaques N\u00b0 55 de la ciudad de La Banda.<\/p>\n<p><img loading=\"lazy\" decoding=\"async\" class=\"alignnone wp-image-58874 size-large\" src=\"http:\/\/elurbanoweb.com.ar\/diario\/wp-content\/uploads\/2025\/08\/amadeo-1024x682.jpg\" alt=\"\" width=\"1024\" height=\"682\" srcset=\"http:\/\/elurbanoweb.com.ar\/diario\/wp-content\/uploads\/2025\/08\/amadeo-1024x682.jpg 1024w, http:\/\/elurbanoweb.com.ar\/diario\/wp-content\/uploads\/2025\/08\/amadeo-300x200.jpg 300w, http:\/\/elurbanoweb.com.ar\/diario\/wp-content\/uploads\/2025\/08\/amadeo-150x100.jpg 150w, http:\/\/elurbanoweb.com.ar\/diario\/wp-content\/uploads\/2025\/08\/amadeo-1536x1024.jpg 1536w, http:\/\/elurbanoweb.com.ar\/diario\/wp-content\/uploads\/2025\/08\/amadeo-2048x1365.jpg 2048w\" sizes=\"auto, (max-width: 1024px) 100vw, 1024px\" \/><\/p>\n<p><!--more--><\/p>\n<p>En el marco de un proyecto institucional denominado \u201cMi provincia, mi lugar\u201d, 70 alumnos de cuarto grado A, B y C, acompa\u00f1ados por sus docentes, visitaron la sede del Poder Ejecutivo donde pudieron aprender de su historia y recorrer las instalaciones.<\/p>\n<p>En representaci\u00f3n del gobernador Gerardo Zamora, el ministro Barbur salud\u00f3 a los docentes, alumnos y padres, y destac\u00f3 que la educaci\u00f3n es un eje principal de la gesti\u00f3n y afirm\u00f3 que se destina un 40% del presupuesto para generar mejores condiciones en t\u00e9rminos educativos con igualdad y mismas posibilidades para todos los alumnos del amplio territorio provincial.<\/p>\n","protected":false},"excerpt":{"rendered":"<p>El Ministro de Gobierno, Seguridad y Culto, Marcelo Barbur, recibi\u00f3 en Casa de Gobierno la visita de alumnos de la Escuela Amadeo Jaques N\u00b0 55 de la ciudad de La&hellip; <\/p>\n","protected":false},"author":1,"featured_media":58874,"comment_status":"closed","ping_status":"closed","sticky":false,"template":"","format":"standard","meta":{"footnotes":""},"categories":[2],"tags":[],"class_list":["post-58873","post","type-post","status-publish","format-standard","has-post-thumbnail","hentry","category-gobierno"],"_links":{"self":[{"href":"http:\/\/elurbanoweb.com.ar\/diario\/wp-json\/wp\/v2\/posts\/58873","targetHints":{"allow":["GET"]}}],"collection":[{"href":"http:\/\/elurbanoweb.com.ar\/diario\/wp-json\/wp\/v2\/posts"}],"about":[{"href":"http:\/\/elurbanoweb.com.ar\/diario\/wp-json\/wp\/v2\/types\/post"}],"author":[{"embeddable":true,"href":"http:\/\/elurbanoweb.com.ar\/diario\/wp-json\/wp\/v2\/users\/1"}],"replies":[{"embeddable":true,"href":"http:\/\/elurbanoweb.com.ar\/diario\/wp-json\/wp\/v2\/comments?post=58873"}],"version-history":[{"count":1,"href":"http:\/\/elurbanoweb.com.ar\/diario\/wp-json\/wp\/v2\/posts\/58873\/revisions"}],"predecessor-version":[{"id":58875,"href":"http:\/\/elurbanoweb.com.ar\/diario\/wp-json\/wp\/v2\/posts\/58873\/revisions\/58875"}],"wp:featuredmedia":[{"embeddable":true,"href":"http:\/\/elurbanoweb.com.ar\/diario\/wp-json\/wp\/v2\/media\/58874"}],"wp:attachment":[{"href":"http:\/\/elurbanoweb.com.ar\/diario\/wp-json\/wp\/v2\/media?parent=58873"}],"wp:term":[{"taxonomy":"category","embeddable":true,"href":"http:\/\/elurbanoweb.com.ar\/diario\/wp-json\/wp\/v2\/categories?post=58873"},{"taxonomy":"post_tag","embeddable":true,"href":"http:\/\/elurbanoweb.com.ar\/diario\/wp-json\/wp\/v2\/tags?post=58873"}],"curies":[{"name":"wp","href":"https:\/\/api.w.org\/{rel}","templated":true}]}}