{"id":58876,"date":"2025-08-08T00:24:40","date_gmt":"2025-08-08T03:24:40","guid":{"rendered":"https:\/\/elurbanoweb.com.ar\/diario\/?p=58876"},"modified":"2025-08-08T00:24:40","modified_gmt":"2025-08-08T03:24:40","slug":"la-intendente-fuentes-entrego-ropa-de-trabajo-al-personal-de-recoleccion-de-residuos-y-limpieza-de-la-ciudad","status":"publish","type":"post","link":"http:\/\/elurbanoweb.com.ar\/diario\/la-intendente-fuentes-entrego-ropa-de-trabajo-al-personal-de-recoleccion-de-residuos-y-limpieza-de-la-ciudad\/","title":{"rendered":"La intendente Fuentes entreg\u00f3 ropa de trabajo al personal de recolecci\u00f3n de residuos y limpieza de la ciudad"},"content":{"rendered":"<p>La intendente, Ing. Norma Fuentes, entreg\u00f3 nueva indumentaria de trabajo a los empleados de la Direcci\u00f3n de Servicios Urbanos, de quienes destac\u00f3 su compromiso con el mantenimiento del orden y la higiene urbana.<\/p>\n<p><img loading=\"lazy\" decoding=\"async\" class=\"alignnone wp-image-58877 size-large\" src=\"http:\/\/elurbanoweb.com.ar\/diario\/wp-content\/uploads\/2025\/08\/campera-1024x682.jpg\" alt=\"\" width=\"1024\" height=\"682\" srcset=\"http:\/\/elurbanoweb.com.ar\/diario\/wp-content\/uploads\/2025\/08\/campera-1024x682.jpg 1024w, http:\/\/elurbanoweb.com.ar\/diario\/wp-content\/uploads\/2025\/08\/campera-300x200.jpg 300w, http:\/\/elurbanoweb.com.ar\/diario\/wp-content\/uploads\/2025\/08\/campera-150x100.jpg 150w, http:\/\/elurbanoweb.com.ar\/diario\/wp-content\/uploads\/2025\/08\/campera-1536x1023.jpg 1536w, http:\/\/elurbanoweb.com.ar\/diario\/wp-content\/uploads\/2025\/08\/campera.jpg 1600w\" sizes=\"auto, (max-width: 1024px) 100vw, 1024px\" \/><\/p>\n<p><!--more--> En el acto realizado en las instalaciones del Centro Operativo N\u00b0 6 ubicado en el barrio Autonom\u00eda, estuvieron presentes el secretario de Planeamiento, Obras y Servicios P\u00fablicos, Jorge Vila; el director de Servicios Urbanos, H\u00e9ctor Batalla y el secretario general de SUOEM, H\u00e9ctor Coronel; entre otras autoridades.<\/p>\n<p>Se entregaron camperones de color naranja fl\u00faor, que se distribuir\u00e1n entre el personal de todos los centros operativos de la ciudad, lo que les permitir\u00e1 desarrollar su labor de forma m\u00e1s segura y c\u00f3moda durante la \u00e9poca invernal.<\/p>\n<p>\u00abEn el D\u00eda de San Cayetano, patrono del pan y del trabajo, es un honor para nosotros otorgarles a nuestros empleados operativos el abrigo que necesitan para realizar sus funciones de limpieza, tan importantes para los vecinos\u00bb, indic\u00f3 la jefa comunal.<\/p>\n<p>\u00abAdem\u00e1s del tradicional uniforme compuesto por camisa, pantal\u00f3n y borcegos, hemos incorporado otros elementos como rompevientos y camperones para garantizar que nuestros operarios se encuentren debidamente equipados para cumplir con sus quehaceres\u00bb, se\u00f1al\u00f3.<\/p>\n<p>La Ing. Fuentes reconoci\u00f3 \u00abel compromiso de los empleados, que llevan con orgullo el sentimiento de pertenencia a la familia municipal y honran el trabajo todos los d\u00edas haciendo el barrido, la recolecci\u00f3n de residuos y muchas otras tareas fundamentales para mantener la ciudad en buenas condiciones\u00bb.<\/p>\n<p>\u00abEl equilibrio financiero que tiene el municipio nos permite sostener la entrega de uniformes al personal y cubrir con fondos propios todas las medidas salariales dispuestas por el gobernador Gerardo Zamora, lo que refleja una administraci\u00f3n responsable de los recursos\u00bb, afirm\u00f3.<\/p>\n<p>Por su parte, el director de Servicios Urbanos, H\u00e9ctor Batalla, agradeci\u00f3 a la intendente y al gabinete municipal \u00abpor atender siempre las necesidades de los empleados y dotar permanentemente a nuestra repartici\u00f3n del equipamiento para desarrollar las tareas diarias de los centros operativos\u00bb.<\/p>\n","protected":false},"excerpt":{"rendered":"<p>La intendente, Ing. Norma Fuentes, entreg\u00f3 nueva indumentaria de trabajo a los empleados de la Direcci\u00f3n de Servicios Urbanos, de quienes destac\u00f3 su compromiso con el mantenimiento del orden y&hellip; <\/p>\n","protected":false},"author":1,"featured_media":58877,"comment_status":"closed","ping_status":"closed","sticky":false,"template":"","format":"standard","meta":{"footnotes":""},"categories":[3],"tags":[],"class_list":["post-58876","post","type-post","status-publish","format-standard","has-post-thumbnail","hentry","category-municipio"],"_links":{"self":[{"href":"http:\/\/elurbanoweb.com.ar\/diario\/wp-json\/wp\/v2\/posts\/58876","targetHints":{"allow":["GET"]}}],"collection":[{"href":"http:\/\/elurbanoweb.com.ar\/diario\/wp-json\/wp\/v2\/posts"}],"about":[{"href":"http:\/\/elurbanoweb.com.ar\/diario\/wp-json\/wp\/v2\/types\/post"}],"author":[{"embeddable":true,"href":"http:\/\/elurbanoweb.com.ar\/diario\/wp-json\/wp\/v2\/users\/1"}],"replies":[{"embeddable":true,"href":"http:\/\/elurbanoweb.com.ar\/diario\/wp-json\/wp\/v2\/comments?post=58876"}],"version-history":[{"count":1,"href":"http:\/\/elurbanoweb.com.ar\/diario\/wp-json\/wp\/v2\/posts\/58876\/revisions"}],"predecessor-version":[{"id":58878,"href":"http:\/\/elurbanoweb.com.ar\/diario\/wp-json\/wp\/v2\/posts\/58876\/revisions\/58878"}],"wp:featuredmedia":[{"embeddable":true,"href":"http:\/\/elurbanoweb.com.ar\/diario\/wp-json\/wp\/v2\/media\/58877"}],"wp:attachment":[{"href":"http:\/\/elurbanoweb.com.ar\/diario\/wp-json\/wp\/v2\/media?parent=58876"}],"wp:term":[{"taxonomy":"category","embeddable":true,"href":"http:\/\/elurbanoweb.com.ar\/diario\/wp-json\/wp\/v2\/categories?post=58876"},{"taxonomy":"post_tag","embeddable":true,"href":"http:\/\/elurbanoweb.com.ar\/diario\/wp-json\/wp\/v2\/tags?post=58876"}],"curies":[{"name":"wp","href":"https:\/\/api.w.org\/{rel}","templated":true}]}}