{"id":58882,"date":"2025-08-08T10:11:24","date_gmt":"2025-08-08T13:11:24","guid":{"rendered":"https:\/\/elurbanoweb.com.ar\/diario\/?p=58882"},"modified":"2025-08-08T10:11:24","modified_gmt":"2025-08-08T13:11:24","slug":"anatuya-un-multitud-participo-la-procesion-a-san-cayetano","status":"publish","type":"post","link":"http:\/\/elurbanoweb.com.ar\/diario\/anatuya-un-multitud-participo-la-procesion-a-san-cayetano\/","title":{"rendered":"A\u00f1atuya: un multitud particip\u00f3 la procesi\u00f3n a San Cayetano"},"content":{"rendered":"<p>Con una gran participaci\u00f3n de fieles, en la ciudad de A\u00f1atuya se llev\u00f3 a cabo en la tarde de este jueves la tradicional procesi\u00f3n en honor a San Cayetano.<\/p>\n<p><img loading=\"lazy\" decoding=\"async\" class=\"alignnone wp-image-58883 size-full\" src=\"http:\/\/elurbanoweb.com.ar\/diario\/wp-content\/uploads\/2025\/08\/cayetano.jpg\" alt=\"\" width=\"1010\" height=\"567\" srcset=\"http:\/\/elurbanoweb.com.ar\/diario\/wp-content\/uploads\/2025\/08\/cayetano.jpg 1010w, http:\/\/elurbanoweb.com.ar\/diario\/wp-content\/uploads\/2025\/08\/cayetano-300x168.jpg 300w, http:\/\/elurbanoweb.com.ar\/diario\/wp-content\/uploads\/2025\/08\/cayetano-150x84.jpg 150w\" sizes=\"auto, (max-width: 1010px) 100vw, 1010px\" \/><\/p>\n<p><!--more--><\/p>\n<p>La caminata de fe parti\u00f3 a las 15:00 horas desde la Parroquia Catedral y culmin\u00f3 en la Hist\u00f3rica Ermita de Ruta 21 y Av. Circunvalaci\u00f3n que est\u00e1 dedicada al Santo Patrono del Pan y el Trabajo, donde se celebr\u00f3 la Santa Misa.<\/p>\n<p>Vecinos, familias y promesantes se unieron en un clima de devoci\u00f3n, pidiendo pan, paz y trabajo para toda la comunidad, adem\u00e1s de rendir honores y cumplir promesas.<\/p>\n<p>Pasadas las 17 horas finaliz\u00f3 la celebraci\u00f3n y la desconcentraci\u00f3n de los fieles.<\/p>\n","protected":false},"excerpt":{"rendered":"<p>Con una gran participaci\u00f3n de fieles, en la ciudad de A\u00f1atuya se llev\u00f3 a cabo en la tarde de este jueves la tradicional procesi\u00f3n en honor a San Cayetano.<\/p>\n","protected":false},"author":1,"featured_media":58883,"comment_status":"closed","ping_status":"closed","sticky":false,"template":"","format":"standard","meta":{"footnotes":""},"categories":[10],"tags":[],"class_list":["post-58882","post","type-post","status-publish","format-standard","has-post-thumbnail","hentry","category-interior"],"_links":{"self":[{"href":"http:\/\/elurbanoweb.com.ar\/diario\/wp-json\/wp\/v2\/posts\/58882","targetHints":{"allow":["GET"]}}],"collection":[{"href":"http:\/\/elurbanoweb.com.ar\/diario\/wp-json\/wp\/v2\/posts"}],"about":[{"href":"http:\/\/elurbanoweb.com.ar\/diario\/wp-json\/wp\/v2\/types\/post"}],"author":[{"embeddable":true,"href":"http:\/\/elurbanoweb.com.ar\/diario\/wp-json\/wp\/v2\/users\/1"}],"replies":[{"embeddable":true,"href":"http:\/\/elurbanoweb.com.ar\/diario\/wp-json\/wp\/v2\/comments?post=58882"}],"version-history":[{"count":1,"href":"http:\/\/elurbanoweb.com.ar\/diario\/wp-json\/wp\/v2\/posts\/58882\/revisions"}],"predecessor-version":[{"id":58884,"href":"http:\/\/elurbanoweb.com.ar\/diario\/wp-json\/wp\/v2\/posts\/58882\/revisions\/58884"}],"wp:featuredmedia":[{"embeddable":true,"href":"http:\/\/elurbanoweb.com.ar\/diario\/wp-json\/wp\/v2\/media\/58883"}],"wp:attachment":[{"href":"http:\/\/elurbanoweb.com.ar\/diario\/wp-json\/wp\/v2\/media?parent=58882"}],"wp:term":[{"taxonomy":"category","embeddable":true,"href":"http:\/\/elurbanoweb.com.ar\/diario\/wp-json\/wp\/v2\/categories?post=58882"},{"taxonomy":"post_tag","embeddable":true,"href":"http:\/\/elurbanoweb.com.ar\/diario\/wp-json\/wp\/v2\/tags?post=58882"}],"curies":[{"name":"wp","href":"https:\/\/api.w.org\/{rel}","templated":true}]}}