{"id":58888,"date":"2025-08-08T10:15:28","date_gmt":"2025-08-08T13:15:28","guid":{"rendered":"https:\/\/elurbanoweb.com.ar\/diario\/?p=58888"},"modified":"2025-08-08T10:15:28","modified_gmt":"2025-08-08T13:15:28","slug":"anunciaron-la-realizacion-del-ix-rally-de-entrenamiento-santiago-te-desafia-2025","status":"publish","type":"post","link":"http:\/\/elurbanoweb.com.ar\/diario\/anunciaron-la-realizacion-del-ix-rally-de-entrenamiento-santiago-te-desafia-2025\/","title":{"rendered":"Anunciaron la realizaci\u00f3n del IX Rally de Entrenamiento \u201cSantiago te Desaf\u00eda 2025\u201d"},"content":{"rendered":"<p>En el Nodo Tecnol\u00f3gico, en conferencia de prensa, autoridades de las instituciones organizadoras anunciaron IX Rally \u201cSantiago te Desaf\u00eda 2025\u201d. Entrenamiento intensivo para el XII Rally Latinoamericano de Innovaci\u00f3n 2025.<\/p>\n<p><img loading=\"lazy\" decoding=\"async\" class=\"alignnone wp-image-58889 size-full\" src=\"http:\/\/elurbanoweb.com.ar\/diario\/wp-content\/uploads\/2025\/08\/anuncio.jpeg\" alt=\"\" width=\"1024\" height=\"768\" srcset=\"http:\/\/elurbanoweb.com.ar\/diario\/wp-content\/uploads\/2025\/08\/anuncio.jpeg 1024w, http:\/\/elurbanoweb.com.ar\/diario\/wp-content\/uploads\/2025\/08\/anuncio-300x225.jpeg 300w, http:\/\/elurbanoweb.com.ar\/diario\/wp-content\/uploads\/2025\/08\/anuncio-150x113.jpeg 150w\" sizes=\"auto, (max-width: 1024px) 100vw, 1024px\" \/><\/p>\n<p><!--more--><\/p>\n<p>De acuerdo con lo informado, este evento se realizar\u00e1 el pr\u00f3ximo 29 de agosto, de 9 a 19, en el Nodo Tecnol\u00f3gico Santiago del Estero. La apertura de inscripci\u00f3n es a partir de hoy, jueves 7 de agosto, a las 11 y el cierre de inscripci\u00f3n ser\u00e1 el viernes 29 de agosto a las 7.<\/p>\n<p>Esta iniciativa es organizada por el Sistema Integrado de Ciencia y Tecnolog\u00eda de la Provincia de Santiago del Estero, conformado por la Universidad Nacional de Santiago del Estero (UNSE), la Universidad Cat\u00f3lica de Santiago del Estero (UCSE), la Secretar\u00eda Ciencia y Tecnolog\u00eda, el Instituto Nacional de Tecnolog\u00eda Industrial (INTI) y el Instituto Nacional de Tecnolog\u00eda Agropecuaria (INTA).<\/p>\n<p>El anuncio fue realizado por el rector de la UNSE, Ing. H\u00e9ctor Paz; el secretario de Ciencia y Tecnolog\u00eda de la Provincia, Ing. Adri\u00e1n Su\u00e1rez; el rector de la UCSE, Ing. Luis Lucena; el subgerente operativo regional NOA- INTI, Ramiro Casoliba; y el director del INTA Santiago del Estero, Ing. Mario Mondino. Acompa\u00f1aron representantes y equipos de gesti\u00f3n de todas las instituciones organizadoras.<\/p>\n<p>Las autoridades brindaron detalles sobre la realizaci\u00f3n del Rally. Afirmaron que todos los a\u00f1os busca que los participantes, adquieran destrezas en la resoluci\u00f3n de problem\u00e1ticas locales, trabajando en un equipo interdisciplinario, con la presi\u00f3n del tiempo y presentando los resultados en formatos preestablecidos. Este a\u00f1o se trabajar\u00e1 en dos categor\u00edas: Innovaci\u00f3n e Impacto Social.<\/p>\n<p>Asimismo, explicaron que, en esta edici\u00f3n, participan estudiantes de las universidades de Santiago y tambi\u00e9n se invit\u00f3 a los alumnos de escuelas t\u00e9cnicas, profesores\/as y tutores que se suman a acompa\u00f1ar.<\/p>\n<p>Los equipos deben contar como m\u00ednimo con 1 (un) estudiante de ingenier\u00eda de las Universidades de la Provincia de Santiago del Estero, 1 (una) estudiante mujer y 1 (un) estudiante del \u00faltimo a\u00f1o de una Escuela T\u00e9cnica de la Provincia de Santiago del Estero que tenga 18 a\u00f1os. Se puede incluir un docente y un egresado. Si el egresado es docente, cuenta como docente. Los equipos como m\u00e1ximo deben tener 8 integrantes y como m\u00ednimo 4.<\/p>\n<p>Esto lo podr\u00e1n realizar desde hoy a trav\u00e9s de la web: https:\/\/santiagotedesafia.unse.edu.ar\/<\/p>\n<p>Las autoridades alentaron a los estudiantes a inscribirse y participar, ya que a\u00f1o tras a\u00f1o puede apreciarse el valor de los aportes realizados en cada desaf\u00edo y los resultados de la interacci\u00f3n entre m\u00faltiples disciplinas en la resoluci\u00f3n de problem\u00e1ticas locales.<\/p>\n","protected":false},"excerpt":{"rendered":"<p>En el Nodo Tecnol\u00f3gico, en conferencia de prensa, autoridades de las instituciones organizadoras anunciaron IX Rally \u201cSantiago te Desaf\u00eda 2025\u201d. Entrenamiento intensivo para el XII Rally Latinoamericano de Innovaci\u00f3n 2025.<\/p>\n","protected":false},"author":1,"featured_media":58889,"comment_status":"closed","ping_status":"closed","sticky":false,"template":"","format":"standard","meta":{"footnotes":""},"categories":[15],"tags":[],"class_list":["post-58888","post","type-post","status-publish","format-standard","has-post-thumbnail","hentry","category-unse"],"_links":{"self":[{"href":"http:\/\/elurbanoweb.com.ar\/diario\/wp-json\/wp\/v2\/posts\/58888","targetHints":{"allow":["GET"]}}],"collection":[{"href":"http:\/\/elurbanoweb.com.ar\/diario\/wp-json\/wp\/v2\/posts"}],"about":[{"href":"http:\/\/elurbanoweb.com.ar\/diario\/wp-json\/wp\/v2\/types\/post"}],"author":[{"embeddable":true,"href":"http:\/\/elurbanoweb.com.ar\/diario\/wp-json\/wp\/v2\/users\/1"}],"replies":[{"embeddable":true,"href":"http:\/\/elurbanoweb.com.ar\/diario\/wp-json\/wp\/v2\/comments?post=58888"}],"version-history":[{"count":1,"href":"http:\/\/elurbanoweb.com.ar\/diario\/wp-json\/wp\/v2\/posts\/58888\/revisions"}],"predecessor-version":[{"id":58890,"href":"http:\/\/elurbanoweb.com.ar\/diario\/wp-json\/wp\/v2\/posts\/58888\/revisions\/58890"}],"wp:featuredmedia":[{"embeddable":true,"href":"http:\/\/elurbanoweb.com.ar\/diario\/wp-json\/wp\/v2\/media\/58889"}],"wp:attachment":[{"href":"http:\/\/elurbanoweb.com.ar\/diario\/wp-json\/wp\/v2\/media?parent=58888"}],"wp:term":[{"taxonomy":"category","embeddable":true,"href":"http:\/\/elurbanoweb.com.ar\/diario\/wp-json\/wp\/v2\/categories?post=58888"},{"taxonomy":"post_tag","embeddable":true,"href":"http:\/\/elurbanoweb.com.ar\/diario\/wp-json\/wp\/v2\/tags?post=58888"}],"curies":[{"name":"wp","href":"https:\/\/api.w.org\/{rel}","templated":true}]}}