{"id":58891,"date":"2025-08-08T10:17:13","date_gmt":"2025-08-08T13:17:13","guid":{"rendered":"https:\/\/elurbanoweb.com.ar\/diario\/?p=58891"},"modified":"2025-08-08T10:17:13","modified_gmt":"2025-08-08T13:17:13","slug":"personal-de-la-municipalidad-trabajo-en-la-colocacion-de-nuevos-bancos-y-realizando-mejoras-en-el-paseo-colon","status":"publish","type":"post","link":"http:\/\/elurbanoweb.com.ar\/diario\/personal-de-la-municipalidad-trabajo-en-la-colocacion-de-nuevos-bancos-y-realizando-mejoras-en-el-paseo-colon\/","title":{"rendered":"Personal de la Municipalidad trabaj\u00f3 en la colocaci\u00f3n de nuevos bancos y realizando mejoras en el Paseo Col\u00f3n"},"content":{"rendered":"<p>En el marco de las mejoras al Paseo Col\u00f3n, la Direcci\u00f3n de Parques y Paseos de la Municipalidad de la Capital instal\u00f3 nuevos bancos a lo largo del trayecto de 1.400 metros entre Avenida Lugones y calle Alvarado.<\/p>\n<p><img loading=\"lazy\" decoding=\"async\" class=\"alignnone wp-image-58892 size-large\" src=\"http:\/\/elurbanoweb.com.ar\/diario\/wp-content\/uploads\/2025\/08\/banco-1024x955.jpg\" alt=\"\" width=\"1024\" height=\"955\" srcset=\"http:\/\/elurbanoweb.com.ar\/diario\/wp-content\/uploads\/2025\/08\/banco-1024x955.jpg 1024w, http:\/\/elurbanoweb.com.ar\/diario\/wp-content\/uploads\/2025\/08\/banco-300x280.jpg 300w, http:\/\/elurbanoweb.com.ar\/diario\/wp-content\/uploads\/2025\/08\/banco-150x140.jpg 150w, http:\/\/elurbanoweb.com.ar\/diario\/wp-content\/uploads\/2025\/08\/banco.jpg 1200w\" sizes=\"auto, (max-width: 1024px) 100vw, 1024px\" \/><\/p>\n<p><!--more--> El personal municipal procedi\u00f3 a la colocaci\u00f3n de 35 bancos de hormig\u00f3n para renovar totalmente el equipamiento urbano que podr\u00e1 ser utilizados por los vecinos.<\/p>\n<p>Asimismo, se avanz\u00f3 en la pintura de las columnas de alumbrado y en el emparejado del suelo.<\/p>\n<p>Los trabajos continuar\u00e1n durante los pr\u00f3ximos d\u00edas, con la colocaci\u00f3n de nuevos cestos papeleros en el mismo tramo.<\/p>\n","protected":false},"excerpt":{"rendered":"<p>En el marco de las mejoras al Paseo Col\u00f3n, la Direcci\u00f3n de Parques y Paseos de la Municipalidad de la Capital instal\u00f3 nuevos bancos a lo largo del trayecto de&hellip; <\/p>\n","protected":false},"author":1,"featured_media":58892,"comment_status":"closed","ping_status":"closed","sticky":false,"template":"","format":"standard","meta":{"footnotes":""},"categories":[3],"tags":[],"class_list":["post-58891","post","type-post","status-publish","format-standard","has-post-thumbnail","hentry","category-municipio"],"_links":{"self":[{"href":"http:\/\/elurbanoweb.com.ar\/diario\/wp-json\/wp\/v2\/posts\/58891","targetHints":{"allow":["GET"]}}],"collection":[{"href":"http:\/\/elurbanoweb.com.ar\/diario\/wp-json\/wp\/v2\/posts"}],"about":[{"href":"http:\/\/elurbanoweb.com.ar\/diario\/wp-json\/wp\/v2\/types\/post"}],"author":[{"embeddable":true,"href":"http:\/\/elurbanoweb.com.ar\/diario\/wp-json\/wp\/v2\/users\/1"}],"replies":[{"embeddable":true,"href":"http:\/\/elurbanoweb.com.ar\/diario\/wp-json\/wp\/v2\/comments?post=58891"}],"version-history":[{"count":1,"href":"http:\/\/elurbanoweb.com.ar\/diario\/wp-json\/wp\/v2\/posts\/58891\/revisions"}],"predecessor-version":[{"id":58893,"href":"http:\/\/elurbanoweb.com.ar\/diario\/wp-json\/wp\/v2\/posts\/58891\/revisions\/58893"}],"wp:featuredmedia":[{"embeddable":true,"href":"http:\/\/elurbanoweb.com.ar\/diario\/wp-json\/wp\/v2\/media\/58892"}],"wp:attachment":[{"href":"http:\/\/elurbanoweb.com.ar\/diario\/wp-json\/wp\/v2\/media?parent=58891"}],"wp:term":[{"taxonomy":"category","embeddable":true,"href":"http:\/\/elurbanoweb.com.ar\/diario\/wp-json\/wp\/v2\/categories?post=58891"},{"taxonomy":"post_tag","embeddable":true,"href":"http:\/\/elurbanoweb.com.ar\/diario\/wp-json\/wp\/v2\/tags?post=58891"}],"curies":[{"name":"wp","href":"https:\/\/api.w.org\/{rel}","templated":true}]}}