{"id":58894,"date":"2025-08-08T10:18:36","date_gmt":"2025-08-08T13:18:36","guid":{"rendered":"https:\/\/elurbanoweb.com.ar\/diario\/?p=58894"},"modified":"2025-08-08T10:18:36","modified_gmt":"2025-08-08T13:18:36","slug":"la-aurora-celebro-su-205-aniversario-con-entrega-de-viviendas-sociales","status":"publish","type":"post","link":"http:\/\/elurbanoweb.com.ar\/diario\/la-aurora-celebro-su-205-aniversario-con-entrega-de-viviendas-sociales\/","title":{"rendered":"La Aurora celebr\u00f3 su 205\u00b0 aniversario con entrega de viviendas sociales"},"content":{"rendered":"<p>La Aurora, localidad ubicada en el departamento Banda, festej\u00f3 este jueves su 205\u00b0 aniversario en el predio municipal con un emotivo acto colmado de emociones, ocasi\u00f3n en la cual fueron entregadas viviendas sociales a familias de esta comunidad, del paraje Puestos Los Marcos y de Clodomira.<\/p>\n<p><img loading=\"lazy\" decoding=\"async\" class=\"alignnone wp-image-58895 size-large\" src=\"http:\/\/elurbanoweb.com.ar\/diario\/wp-content\/uploads\/2025\/08\/aurora3-1024x682.jpg\" alt=\"\" width=\"1024\" height=\"682\" srcset=\"http:\/\/elurbanoweb.com.ar\/diario\/wp-content\/uploads\/2025\/08\/aurora3-1024x682.jpg 1024w, http:\/\/elurbanoweb.com.ar\/diario\/wp-content\/uploads\/2025\/08\/aurora3-300x200.jpg 300w, http:\/\/elurbanoweb.com.ar\/diario\/wp-content\/uploads\/2025\/08\/aurora3-150x100.jpg 150w, http:\/\/elurbanoweb.com.ar\/diario\/wp-content\/uploads\/2025\/08\/aurora3-1536x1023.jpg 1536w, http:\/\/elurbanoweb.com.ar\/diario\/wp-content\/uploads\/2025\/08\/aurora3.jpg 1600w\" sizes=\"auto, (max-width: 1024px) 100vw, 1024px\" \/><\/p>\n<p><!--more--><\/p>\n<p>El acto cont\u00f3 con la presencia del ministro de Desarrollo Social, \u00c1ngel Niccolai, en representaci\u00f3n del Gobierno de la provincia, quien fue recibido por el comisionado Axel Lacorte. Tambi\u00e9n participaron autoridades municipales de la zona y legisladores.<\/p>\n<p>En el domicilio de N\u00e9lida Soria se realiz\u00f3 la inauguraci\u00f3n simb\u00f3lica de las viviendas sociales, para luego continuar con la ceremonia protocolar, oportunidad en la cual el comisionado agradeci\u00f3 al gobernador Gerardo Zamora por las obras para los pobladores de la zona.<\/p>\n<p>Dijo: \u201cHoy es un d\u00eda muy especial para el pueblo de La Aurora, que quedar\u00e1 marcado en la historia, porque celebramos nuestros 205\u00b0 a\u00f1os unidos, en familia. Hagamos a un lado las diferencias y pong\u00e1monos a trabajar de manera colectiva buscando lo positivo para este pueblo\u201d.<\/p>\n<p>A su turno, Niccolai hizo un repaso de la transformaci\u00f3n que vive la provincia desde el a\u00f1o 2005, mediante la ejecuci\u00f3n de muchas obras que parec\u00edan inalcanzables y que benefician a todos los ciudadanos y en especial a las comunidades del interior, con agua potable, caminos, escuelas, viviendas, entre otras.<\/p>\n<p>En otro tramo se refiri\u00f3 a los tiempos dif\u00edciles que atraviesa el pa\u00eds por causa de \u201cpol\u00edticas que desvirt\u00faan principios de la Constituci\u00f3n Nacional\u201d, al hacer una firme defensa de las autonom\u00edas provinciales. \u201cLa Naci\u00f3n lo que est\u00e1 haciendo es recortar y muchas familias son afectadas por esta situaci\u00f3n\u201d, expres\u00f3.<\/p>\n<p>Agreg\u00f3: \u201cExisten quienes tienen el \u00e1nimo de destruir el Estado, por eso es que pedimos la reflexi\u00f3n e inteligencia y con el coraz\u00f3n la memoria para no retroceder. Tenemos que querer lo mejor para el pueblo, todos juntos compartiendo sue\u00f1os y realizaciones\u201d.<\/p>\n<p>Por \u00faltimo, se realiz\u00f3 un homenaje a la vecina Perla Sierra, en reconocimiento a su compromiso con la comunidad de La Aurora y se anunci\u00f3 que en los pr\u00f3ximos d\u00edas se impondr\u00e1 su nombre al predio municipal.<\/p>\n","protected":false},"excerpt":{"rendered":"<p>La Aurora, localidad ubicada en el departamento Banda, festej\u00f3 este jueves su 205\u00b0 aniversario en el predio municipal con un emotivo acto colmado de emociones, ocasi\u00f3n en la cual fueron&hellip; <\/p>\n","protected":false},"author":1,"featured_media":58895,"comment_status":"closed","ping_status":"closed","sticky":false,"template":"","format":"standard","meta":{"footnotes":""},"categories":[10],"tags":[],"class_list":["post-58894","post","type-post","status-publish","format-standard","has-post-thumbnail","hentry","category-interior"],"_links":{"self":[{"href":"http:\/\/elurbanoweb.com.ar\/diario\/wp-json\/wp\/v2\/posts\/58894","targetHints":{"allow":["GET"]}}],"collection":[{"href":"http:\/\/elurbanoweb.com.ar\/diario\/wp-json\/wp\/v2\/posts"}],"about":[{"href":"http:\/\/elurbanoweb.com.ar\/diario\/wp-json\/wp\/v2\/types\/post"}],"author":[{"embeddable":true,"href":"http:\/\/elurbanoweb.com.ar\/diario\/wp-json\/wp\/v2\/users\/1"}],"replies":[{"embeddable":true,"href":"http:\/\/elurbanoweb.com.ar\/diario\/wp-json\/wp\/v2\/comments?post=58894"}],"version-history":[{"count":1,"href":"http:\/\/elurbanoweb.com.ar\/diario\/wp-json\/wp\/v2\/posts\/58894\/revisions"}],"predecessor-version":[{"id":58896,"href":"http:\/\/elurbanoweb.com.ar\/diario\/wp-json\/wp\/v2\/posts\/58894\/revisions\/58896"}],"wp:featuredmedia":[{"embeddable":true,"href":"http:\/\/elurbanoweb.com.ar\/diario\/wp-json\/wp\/v2\/media\/58895"}],"wp:attachment":[{"href":"http:\/\/elurbanoweb.com.ar\/diario\/wp-json\/wp\/v2\/media?parent=58894"}],"wp:term":[{"taxonomy":"category","embeddable":true,"href":"http:\/\/elurbanoweb.com.ar\/diario\/wp-json\/wp\/v2\/categories?post=58894"},{"taxonomy":"post_tag","embeddable":true,"href":"http:\/\/elurbanoweb.com.ar\/diario\/wp-json\/wp\/v2\/tags?post=58894"}],"curies":[{"name":"wp","href":"https:\/\/api.w.org\/{rel}","templated":true}]}}