{"id":58897,"date":"2025-08-08T13:54:27","date_gmt":"2025-08-08T16:54:27","guid":{"rendered":"https:\/\/elurbanoweb.com.ar\/diario\/?p=58897"},"modified":"2025-08-08T13:54:27","modified_gmt":"2025-08-08T16:54:27","slug":"anuncio-oficial-de-la-formula-electoral-del-frente-civico-por-santiago","status":"publish","type":"post","link":"http:\/\/elurbanoweb.com.ar\/diario\/anuncio-oficial-de-la-formula-electoral-del-frente-civico-por-santiago\/","title":{"rendered":"Anuncio Oficial de la F\u00f3rmula Electoral del Frente C\u00edvico por Santiago"},"content":{"rendered":"<p>El Frente C\u00edvico por Santiago, como fuerza pol\u00edtica provincial, tras una serie de consultas en la b\u00fasqueda de consensos entre todas las expresiones que lo componen, para continuar con este proyecto pol\u00edtico de unidad de todos los santiague\u00f1os, ha decidido nominar a El\u00edas Miguel Su\u00e1rez y Carlos Silva Neder como candidatos a gobernador y vicegobernador de nuestra provincia. Esta f\u00f3rmula competir\u00e1 en las pr\u00f3ximas elecciones del 26 de octubre en representaci\u00f3n del espacio, convencidos de que son las personas que, por su trayectoria, compromiso y capacidad, garantizan la continuidad de una gesti\u00f3n de gobierno responsable y equilibrada, que siga sentando las bases para el progreso y desarrollo de Santiago del Estero, con oportunidades para todos.<\/p>\n<p><img loading=\"lazy\" decoding=\"async\" class=\"alignnone wp-image-58898 size-large\" src=\"http:\/\/elurbanoweb.com.ar\/diario\/wp-content\/uploads\/2025\/08\/candidatos1-1024x576.jpeg\" alt=\"\" width=\"1024\" height=\"576\" srcset=\"http:\/\/elurbanoweb.com.ar\/diario\/wp-content\/uploads\/2025\/08\/candidatos1-1024x576.jpeg 1024w, http:\/\/elurbanoweb.com.ar\/diario\/wp-content\/uploads\/2025\/08\/candidatos1-300x169.jpeg 300w, http:\/\/elurbanoweb.com.ar\/diario\/wp-content\/uploads\/2025\/08\/candidatos1-150x84.jpeg 150w, http:\/\/elurbanoweb.com.ar\/diario\/wp-content\/uploads\/2025\/08\/candidatos1-1536x864.jpeg 1536w, http:\/\/elurbanoweb.com.ar\/diario\/wp-content\/uploads\/2025\/08\/candidatos1.jpeg 1600w\" sizes=\"auto, (max-width: 1024px) 100vw, 1024px\" \/><\/p>\n<p><!--more--><\/p>\n<p>El lanzamiento y proclamaci\u00f3n de la f\u00f3rmula, se llevar\u00e1 a cabo el s\u00e1bado 9 de agosto a las 11:00 horas en el Consejo Profesional de Ciencias Econ\u00f3micas, ubicado en calle Buenos Aires 734 de la Ciudad Capital.<\/p>\n","protected":false},"excerpt":{"rendered":"<p>El Frente C\u00edvico por Santiago, como fuerza pol\u00edtica provincial, tras una serie de consultas en la b\u00fasqueda de consensos entre todas las expresiones que lo componen, para continuar con este&hellip; <\/p>\n","protected":false},"author":1,"featured_media":58898,"comment_status":"closed","ping_status":"closed","sticky":false,"template":"","format":"standard","meta":{"footnotes":""},"categories":[2],"tags":[],"class_list":["post-58897","post","type-post","status-publish","format-standard","has-post-thumbnail","hentry","category-gobierno"],"_links":{"self":[{"href":"http:\/\/elurbanoweb.com.ar\/diario\/wp-json\/wp\/v2\/posts\/58897","targetHints":{"allow":["GET"]}}],"collection":[{"href":"http:\/\/elurbanoweb.com.ar\/diario\/wp-json\/wp\/v2\/posts"}],"about":[{"href":"http:\/\/elurbanoweb.com.ar\/diario\/wp-json\/wp\/v2\/types\/post"}],"author":[{"embeddable":true,"href":"http:\/\/elurbanoweb.com.ar\/diario\/wp-json\/wp\/v2\/users\/1"}],"replies":[{"embeddable":true,"href":"http:\/\/elurbanoweb.com.ar\/diario\/wp-json\/wp\/v2\/comments?post=58897"}],"version-history":[{"count":1,"href":"http:\/\/elurbanoweb.com.ar\/diario\/wp-json\/wp\/v2\/posts\/58897\/revisions"}],"predecessor-version":[{"id":58899,"href":"http:\/\/elurbanoweb.com.ar\/diario\/wp-json\/wp\/v2\/posts\/58897\/revisions\/58899"}],"wp:featuredmedia":[{"embeddable":true,"href":"http:\/\/elurbanoweb.com.ar\/diario\/wp-json\/wp\/v2\/media\/58898"}],"wp:attachment":[{"href":"http:\/\/elurbanoweb.com.ar\/diario\/wp-json\/wp\/v2\/media?parent=58897"}],"wp:term":[{"taxonomy":"category","embeddable":true,"href":"http:\/\/elurbanoweb.com.ar\/diario\/wp-json\/wp\/v2\/categories?post=58897"},{"taxonomy":"post_tag","embeddable":true,"href":"http:\/\/elurbanoweb.com.ar\/diario\/wp-json\/wp\/v2\/tags?post=58897"}],"curies":[{"name":"wp","href":"https:\/\/api.w.org\/{rel}","templated":true}]}}