{"id":58900,"date":"2025-08-08T13:56:17","date_gmt":"2025-08-08T16:56:17","guid":{"rendered":"https:\/\/elurbanoweb.com.ar\/diario\/?p=58900"},"modified":"2025-08-08T13:56:17","modified_gmt":"2025-08-08T16:56:17","slug":"el-iosep-celebrara-su-60-aniversario-con-atractivas-propuestas-deportivas","status":"publish","type":"post","link":"http:\/\/elurbanoweb.com.ar\/diario\/el-iosep-celebrara-su-60-aniversario-con-atractivas-propuestas-deportivas\/","title":{"rendered":"El IOSEP celebrar\u00e1 su 60\u00b0 aniversario con atractivas propuestas deportivas"},"content":{"rendered":"<p>Como parte de las actividades organizadas con motivo de su 60\u00b0 aniversario, el Instituto de Obra Social del Empleado Provincial (Iosep) present\u00f3 oficialmente una serie de propuestas deportivas que incluyen un campeonato de f\u00fatbol 11 inter-reparticiones con equipos conformados por empleados de diversas \u00e1reas de la administraci\u00f3n p\u00fablica; adem\u00e1s se realizar\u00e1 una marcha aer\u00f3bica y carreras, una de 3 km no competitiva, y otras dos pruebas competitivas de 5 y 10 km, todas abiertas a toda la comunidad.<\/p>\n<p><img loading=\"lazy\" decoding=\"async\" class=\"alignnone wp-image-58901 size-large\" src=\"http:\/\/elurbanoweb.com.ar\/diario\/wp-content\/uploads\/2025\/08\/iosep-1024x682.jpg\" alt=\"\" width=\"1024\" height=\"682\" srcset=\"http:\/\/elurbanoweb.com.ar\/diario\/wp-content\/uploads\/2025\/08\/iosep-1024x682.jpg 1024w, http:\/\/elurbanoweb.com.ar\/diario\/wp-content\/uploads\/2025\/08\/iosep-300x200.jpg 300w, http:\/\/elurbanoweb.com.ar\/diario\/wp-content\/uploads\/2025\/08\/iosep-150x100.jpg 150w, http:\/\/elurbanoweb.com.ar\/diario\/wp-content\/uploads\/2025\/08\/iosep-1536x1024.jpg 1536w, http:\/\/elurbanoweb.com.ar\/diario\/wp-content\/uploads\/2025\/08\/iosep-2048x1365.jpg 2048w\" sizes=\"auto, (max-width: 1024px) 100vw, 1024px\" \/><\/p>\n<p><!--more--><\/p>\n<p>Estas actividades son gratuitas y tienen adem\u00e1s un enfoque preventivo para la salud promoviendo la participaci\u00f3n de personas de todas las edades.<\/p>\n<p>El anuncio fue realizado este viernes en la sede central de la obra social, con la participaci\u00f3n del Secretario de Deportes de la provincia, Carlos Dapello; el presidente del Iosep, Ra\u00fal Ayuch, la gerente general Graciela Muratore de Corona; el subgerente Jonathan Sack Regueira; el presidente del Club Social y Deportivo del Iosep, Franco Ruiz, el presidente del Consejo Gremial, Nicol\u00e1s Vega, y el profesor Emanuel Gallo.<\/p>\n<p>\u201cNos adherimos plenamente a la programaci\u00f3n organizada; la Secretar\u00eda de Deportes va a colaborar en marcar esa pol\u00edtica que lleva adelante el gobierno del Dr. Gerardo Zamora y de nuestra senadora nacional Dra. Claudia Ledesma de Zamora, impulsores de esta pol\u00edtica deportiva, y acompa\u00f1amos en esta ocasi\u00f3n a nuestra obra social\u201d, expres\u00f3 Dapello.<\/p>\n<p>Seguidamente, Ayuch hizo hincapi\u00e9 en la importancia de esta propuesta tambi\u00e9n como acci\u00f3n preventiva en salud. \u201cDebemos destinar cada vez m\u00e1s nuestros esfuerzos en ese terreno para lograr mejor calidad de vida, para tener mejor expectativa de vida. Hacemos el abordaje no solo f\u00edsico, lo hacemos tambi\u00e9n desde el orden emocional y desde el orden espiritual\u201d, precis\u00f3.<\/p>\n<p>\u201cVamos a cumplir el mes que viene 60 a\u00f1os como instituci\u00f3n y lo hacemos con una gran alegr\u00eda y orgullo porque atravesamos momentos que nos someten a pruebas muy fuertes y, lamentablemente, hay otras instituciones similares que quedan en el camino y no pueden seguir en el sistema\u201d, se\u00f1al\u00f3.<\/p>\n<p>Con respecto a las propuestas deportivas, el subgerente explic\u00f3 que el campeonato de f\u00fatbol se desarrollar\u00e1 en dos instancias, con las categor\u00edas +34 y +45, a partir del mi\u00e9rcoles 13 de agosto en el predio El Potrerito I y continuar\u00e1 todos los mi\u00e9rcoles durante un mes. Remarc\u00f3 que la inscripci\u00f3n es gratuita y habr\u00e1 importantes premios.<\/p>\n<p>En cuanto a la prueba atl\u00e9tica, indic\u00f3 que \u201cla primera categor\u00eda ser\u00e1 de 3 km, donde se van a poder anotar todas las familias, ni\u00f1os y adultos mayores, para despu\u00e9s hacer una instancia competitiva de 5 y 10 km con medici\u00f3n, sin costo de inscripci\u00f3n y tambi\u00e9n con premios importantes\u201d.<\/p>\n<p>Los interesados podr\u00e1n acceder a las inscripciones de forma online a partir de este s\u00e1bado a trav\u00e9s Instagram iosep.obrasocial.<\/p>\n","protected":false},"excerpt":{"rendered":"<p>Como parte de las actividades organizadas con motivo de su 60\u00b0 aniversario, el Instituto de Obra Social del Empleado Provincial (Iosep) present\u00f3 oficialmente una serie de propuestas deportivas que incluyen&hellip; <\/p>\n","protected":false},"author":1,"featured_media":58901,"comment_status":"closed","ping_status":"closed","sticky":false,"template":"","format":"standard","meta":{"footnotes":""},"categories":[4],"tags":[],"class_list":["post-58900","post","type-post","status-publish","format-standard","has-post-thumbnail","hentry","category-deportes"],"_links":{"self":[{"href":"http:\/\/elurbanoweb.com.ar\/diario\/wp-json\/wp\/v2\/posts\/58900","targetHints":{"allow":["GET"]}}],"collection":[{"href":"http:\/\/elurbanoweb.com.ar\/diario\/wp-json\/wp\/v2\/posts"}],"about":[{"href":"http:\/\/elurbanoweb.com.ar\/diario\/wp-json\/wp\/v2\/types\/post"}],"author":[{"embeddable":true,"href":"http:\/\/elurbanoweb.com.ar\/diario\/wp-json\/wp\/v2\/users\/1"}],"replies":[{"embeddable":true,"href":"http:\/\/elurbanoweb.com.ar\/diario\/wp-json\/wp\/v2\/comments?post=58900"}],"version-history":[{"count":1,"href":"http:\/\/elurbanoweb.com.ar\/diario\/wp-json\/wp\/v2\/posts\/58900\/revisions"}],"predecessor-version":[{"id":58902,"href":"http:\/\/elurbanoweb.com.ar\/diario\/wp-json\/wp\/v2\/posts\/58900\/revisions\/58902"}],"wp:featuredmedia":[{"embeddable":true,"href":"http:\/\/elurbanoweb.com.ar\/diario\/wp-json\/wp\/v2\/media\/58901"}],"wp:attachment":[{"href":"http:\/\/elurbanoweb.com.ar\/diario\/wp-json\/wp\/v2\/media?parent=58900"}],"wp:term":[{"taxonomy":"category","embeddable":true,"href":"http:\/\/elurbanoweb.com.ar\/diario\/wp-json\/wp\/v2\/categories?post=58900"},{"taxonomy":"post_tag","embeddable":true,"href":"http:\/\/elurbanoweb.com.ar\/diario\/wp-json\/wp\/v2\/tags?post=58900"}],"curies":[{"name":"wp","href":"https:\/\/api.w.org\/{rel}","templated":true}]}}